{"id":1601,"date":"2017-07-04T07:22:34","date_gmt":"2017-07-04T07:22:34","guid":{"rendered":"https:\/\/www.bosal.rs\/rs\/?p=1601"},"modified":"2017-07-04T07:22:34","modified_gmt":"2017-07-04T07:22:34","slug":"sobna-vrata-i-alu-stolarija-za-kucu-u-okolini-beograda","status":"publish","type":"post","link":"https:\/\/www.bosal.rs\/rs\/sobna-vrata-i-alu-stolarija-za-kucu-u-okolini-beograda\/","title":{"rendered":"Sobna vrata i ALU stolarija za ku\u0107u u okolini Beograda"},"content":{"rendered":"\n<style type=\"text\/css\" data-created_by=\"avia_inline_auto\" id=\"style-css-av-av_two_third-043312c320e415e9f99796dbef167ade\">\n.flex_column.av-av_two_third-043312c320e415e9f99796dbef167ade{\n-webkit-border-radius:0px 0px 0px 0px;\n-moz-border-radius:0px 0px 0px 0px;\nborder-radius:0px 0px 0px 0px;\npadding:0px 0px 0px 0px;\n}\n<\/style>\n<div class='flex_column av-av_two_third-043312c320e415e9f99796dbef167ade av_two_third  avia-builder-el-0  el_before_av_one_third  avia-builder-el-first  blog-font first flex_column_div av-zero-column-padding '     ><p>\n<style type=\"text\/css\" data-created_by=\"avia_inline_auto\" id=\"style-css-av-av_image-dfe130a753d4ab74be8138c9aa746ded\">\n.avia-image-container.av-av_image-dfe130a753d4ab74be8138c9aa746ded img.avia_image{\nbox-shadow:none;\n}\n.avia-image-container.av-av_image-dfe130a753d4ab74be8138c9aa746ded .av-image-caption-overlay-center{\ncolor:#ffffff;\n}\n<\/style>\n<div  class='avia-image-container av-av_image-dfe130a753d4ab74be8138c9aa746ded av-styling- avia-align-left  avia-builder-el-1  el_before_av_hr  avia-builder-el-first '   itemprop=\"image\" itemscope=\"itemscope\" itemtype=\"https:\/\/schema.org\/ImageObject\" ><div class=\"avia-image-container-inner\"><div class=\"avia-image-overlay-wrap\"><img class='wp-image-1605 avia-img-lazy-loading-not-1605 avia_image ' src=\"https:\/\/www.bosal.rs\/rs\/wp-content\/uploads\/2017\/07\/aluminijumska-stolarija-plavi-horizonti-fb-thumb-845x321.jpg\" alt='' title='aluminijumska-stolarija-plavi-horizonti-fb-thumb'  height=\"321\" width=\"845\"  itemprop=\"thumbnailUrl\"  \/><\/div><\/div><\/div><br \/>\n\n<style type=\"text\/css\" data-created_by=\"avia_inline_auto\" id=\"style-css-av-av_hr-bea3b672f557e00292badd2fc5e835d3\">\n#top .hr.hr-invisible.av-av_hr-bea3b672f557e00292badd2fc5e835d3{\nheight:5px;\n}\n<\/style>\n<div  class='hr av-av_hr-bea3b672f557e00292badd2fc5e835d3 hr-invisible  avia-builder-el-2  el_after_av_image  el_before_av_heading '><span class='hr-inner '><span class=\"hr-inner-style\"><\/span><\/span><\/div><br \/>\n\n<style type=\"text\/css\" data-created_by=\"avia_inline_auto\" id=\"style-css-av-av_heading-8c3a5ef3d63ba2ed10326f41600264a2\">\n#top .av-special-heading.av-av_heading-8c3a5ef3d63ba2ed10326f41600264a2{\npadding-bottom:10px;\nfont-size:35px;\n}\nbody .av-special-heading.av-av_heading-8c3a5ef3d63ba2ed10326f41600264a2 .av-special-heading-tag .heading-char{\nfont-size:25px;\n}\n#top #wrap_all .av-special-heading.av-av_heading-8c3a5ef3d63ba2ed10326f41600264a2 .av-special-heading-tag{\nfont-size:35px;\n}\n.av-special-heading.av-av_heading-8c3a5ef3d63ba2ed10326f41600264a2 .av-subheading{\nfont-size:15px;\n}\n\n@media only screen and (min-width: 480px) and (max-width: 767px){ \n#top #wrap_all .av-special-heading.av-av_heading-8c3a5ef3d63ba2ed10326f41600264a2 .av-special-heading-tag{\nfont-size:0.8em;\n}\n}\n\n@media only screen and (max-width: 479px){ \n#top #wrap_all .av-special-heading.av-av_heading-8c3a5ef3d63ba2ed10326f41600264a2 .av-special-heading-tag{\nfont-size:0.8em;\n}\n}\n<\/style>\n<div  class='av-special-heading av-av_heading-8c3a5ef3d63ba2ed10326f41600264a2 av-special-heading-h2 blockquote modern-quote  avia-builder-el-3  el_after_av_hr  el_before_av_codeblock  av-inherit-size'><h2 class='av-special-heading-tag'  itemprop=\"headline\"  >Sobna vrata i ALU stolarija za ku\u0107u u okolini Beograda<\/h2><div class=\"special-heading-border\"><div class=\"special-heading-inner-border\"><\/div><\/div><\/div><br \/>\n<br \/>\n<section  class='av_textblock_section av-av_textblock-283972ea15f2e73870c23e2d6de3245d'  itemscope=\"itemscope\" itemtype=\"https:\/\/schema.org\/BlogPosting\" itemprop=\"blogPost\" ><div class='avia_textblock'  itemprop=\"text\" ><p>Klijent je izrazio \u017eelju da na\u0161im vratima i aluminijumskom stolarijom opremimo njegovu ku\u0107u, koja se nalazi u okolini Beograda.<\/p>\n<h3>Sobna vrata<\/h3>\n<p>Sva sobna vrata za ovu modernu, prelepu ku\u0107u ra\u0111ena su u istom dizajnu i u dezenu jasena. Dezen je vertikalno postavljen, tako da vrata odaju efekat starine, <strong>imitiraju\u0107i stara ambarska vrata u jednoj modernijoj formi<\/strong>.<\/p>\n<p>Svojstvo ovakvih vrata je takvo da \u0161to su vrata \u0161ira, ona deluju svetlije, a \u0161to su u\u017ea \u2013 tamnije. Ovo se posti\u017ee time <strong>da vrata sa u\u017eim senkama odaju tamniji efekat<\/strong>, jer su senke bli\u017ee, i obrnuto \u2013 <strong>vrata sa \u0161irim senkama odaju svetliji efekat<\/strong>, jer su senke udaljenije.<\/p>\n<p>Razlika izme\u0111u dva tipa sobnih vrata na ovoj fotografiji mo\u017ee se uo\u010diti i na pervajzima.<\/p>\n<p>Na levim vratima, koja su u\u017ea, prepu\u0161ten je prevajz, a vrata u gornjem delu imaju nadvratnik i vizuelno deluju izdu\u017eenije, jer ih prepu\u0161teni pervajz, kao i u\u017ee senke, \u010dine izdu\u017eenijim.<\/p>\n<\/div><\/section><br \/>\n\n<style type=\"text\/css\" data-created_by=\"avia_inline_auto\" id=\"style-css-av-av_hr-6f10447ca5e6eba220d20c01af598157\">\n#top .hr.hr-invisible.av-av_hr-6f10447ca5e6eba220d20c01af598157{\nheight:15px;\n}\n<\/style>\n<div  class='hr av-av_hr-6f10447ca5e6eba220d20c01af598157 hr-invisible  avia-builder-el-6  el_after_av_textblock  el_before_av_image '><span class='hr-inner '><span class=\"hr-inner-style\"><\/span><\/span><\/div><br \/>\n\n<style type=\"text\/css\" data-created_by=\"avia_inline_auto\" id=\"style-css-av-av_image-a8badb8e364c98f0ca9903d499397f5e\">\n.avia-image-container.av-av_image-a8badb8e364c98f0ca9903d499397f5e img.avia_image{\nbox-shadow:none;\n}\n.avia-image-container.av-av_image-a8badb8e364c98f0ca9903d499397f5e .av-image-caption-overlay-center{\ncolor:#ffffff;\n}\n<\/style>\n<div  class='avia-image-container av-av_image-a8badb8e364c98f0ca9903d499397f5e av-styling-no-styling avia-align-center  avia-builder-el-7  el_after_av_hr  el_before_av_image '   itemprop=\"image\" itemscope=\"itemscope\" itemtype=\"https:\/\/schema.org\/ImageObject\" ><div class=\"avia-image-container-inner\"><div class=\"avia-image-overlay-wrap\"><a href=\"https:\/\/www.bosal.rs\/rs\/wp-content\/uploads\/2017\/07\/sobna-vrata-plavi-horizonti-1.jpg\" data-srcset=\"https:\/\/www.bosal.rs\/rs\/wp-content\/uploads\/2017\/07\/sobna-vrata-plavi-horizonti-1.jpg 600w, https:\/\/www.bosal.rs\/rs\/wp-content\/uploads\/2017\/07\/sobna-vrata-plavi-horizonti-1-200x300.jpg 200w, https:\/\/www.bosal.rs\/rs\/wp-content\/uploads\/2017\/07\/sobna-vrata-plavi-horizonti-1-469x705.jpg 469w, https:\/\/www.bosal.rs\/rs\/wp-content\/uploads\/2017\/07\/sobna-vrata-plavi-horizonti-1-450x676.jpg 450w\" data-sizes=\"(max-width: 600px) 100vw, 600px\" class='avia_image' ><img class='wp-image-1607 avia-img-lazy-loading-not-1607 avia_image ' src=\"https:\/\/www.bosal.rs\/rs\/wp-content\/uploads\/2017\/07\/sobna-vrata-plavi-horizonti-1.jpg\" alt='' title='sobna-vrata-plavi-horizonti-1'  height=\"901\" width=\"600\"  itemprop=\"thumbnailUrl\" srcset=\"https:\/\/www.bosal.rs\/rs\/wp-content\/uploads\/2017\/07\/sobna-vrata-plavi-horizonti-1.jpg 600w, https:\/\/www.bosal.rs\/rs\/wp-content\/uploads\/2017\/07\/sobna-vrata-plavi-horizonti-1-200x300.jpg 200w, https:\/\/www.bosal.rs\/rs\/wp-content\/uploads\/2017\/07\/sobna-vrata-plavi-horizonti-1-469x705.jpg 469w, https:\/\/www.bosal.rs\/rs\/wp-content\/uploads\/2017\/07\/sobna-vrata-plavi-horizonti-1-450x676.jpg 450w\" sizes=\"(max-width: 600px) 100vw, 600px\" \/><\/a><\/div><\/div><\/div><br \/>\n\n<style type=\"text\/css\" data-created_by=\"avia_inline_auto\" id=\"style-css-av-av_image-e451f4e08d85b21258260b6bf2bad774\">\n.avia-image-container.av-av_image-e451f4e08d85b21258260b6bf2bad774 img.avia_image{\nbox-shadow:none;\n}\n.avia-image-container.av-av_image-e451f4e08d85b21258260b6bf2bad774 .av-image-caption-overlay-center{\ncolor:#ffffff;\n}\n<\/style>\n<div  class='avia-image-container av-av_image-e451f4e08d85b21258260b6bf2bad774 av-styling-no-styling avia-align-center  avia-builder-el-8  el_after_av_image  el_before_av_image '   itemprop=\"image\" itemscope=\"itemscope\" itemtype=\"https:\/\/schema.org\/ImageObject\" ><div class=\"avia-image-container-inner\"><div class=\"avia-image-overlay-wrap\"><a href=\"https:\/\/www.bosal.rs\/rs\/wp-content\/uploads\/2017\/07\/sobna-vrata-plavi-horizonti-2.jpg\" data-srcset=\"https:\/\/www.bosal.rs\/rs\/wp-content\/uploads\/2017\/07\/sobna-vrata-plavi-horizonti-2.jpg 600w, https:\/\/www.bosal.rs\/rs\/wp-content\/uploads\/2017\/07\/sobna-vrata-plavi-horizonti-2-200x300.jpg 200w, https:\/\/www.bosal.rs\/rs\/wp-content\/uploads\/2017\/07\/sobna-vrata-plavi-horizonti-2-469x705.jpg 469w, https:\/\/www.bosal.rs\/rs\/wp-content\/uploads\/2017\/07\/sobna-vrata-plavi-horizonti-2-450x676.jpg 450w\" data-sizes=\"(max-width: 600px) 100vw, 600px\" class='avia_image' ><img class='wp-image-1608 avia-img-lazy-loading-not-1608 avia_image ' src=\"https:\/\/www.bosal.rs\/rs\/wp-content\/uploads\/2017\/07\/sobna-vrata-plavi-horizonti-2.jpg\" alt='' title='sobna-vrata-plavi-horizonti-2'  height=\"901\" width=\"600\"  itemprop=\"thumbnailUrl\" srcset=\"https:\/\/www.bosal.rs\/rs\/wp-content\/uploads\/2017\/07\/sobna-vrata-plavi-horizonti-2.jpg 600w, https:\/\/www.bosal.rs\/rs\/wp-content\/uploads\/2017\/07\/sobna-vrata-plavi-horizonti-2-200x300.jpg 200w, https:\/\/www.bosal.rs\/rs\/wp-content\/uploads\/2017\/07\/sobna-vrata-plavi-horizonti-2-469x705.jpg 469w, https:\/\/www.bosal.rs\/rs\/wp-content\/uploads\/2017\/07\/sobna-vrata-plavi-horizonti-2-450x676.jpg 450w\" sizes=\"(max-width: 600px) 100vw, 600px\" \/><\/a><\/div><\/div><\/div><br \/>\n\n<style type=\"text\/css\" data-created_by=\"avia_inline_auto\" id=\"style-css-av-av_image-ef6126c224c2b9a1647b8607c29a9b09\">\n.avia-image-container.av-av_image-ef6126c224c2b9a1647b8607c29a9b09 img.avia_image{\nbox-shadow:none;\n}\n.avia-image-container.av-av_image-ef6126c224c2b9a1647b8607c29a9b09 .av-image-caption-overlay-center{\ncolor:#ffffff;\n}\n<\/style>\n<div  class='avia-image-container av-av_image-ef6126c224c2b9a1647b8607c29a9b09 av-styling-no-styling avia-align-center  avia-builder-el-9  el_after_av_image  el_before_av_hr '   itemprop=\"image\" itemscope=\"itemscope\" itemtype=\"https:\/\/schema.org\/ImageObject\" ><div class=\"avia-image-container-inner\"><div class=\"avia-image-overlay-wrap\"><a href=\"https:\/\/www.bosal.rs\/rs\/wp-content\/uploads\/2017\/07\/sobna-vrata-plavi-horizonti-3.jpg\" data-srcset=\"https:\/\/www.bosal.rs\/rs\/wp-content\/uploads\/2017\/07\/sobna-vrata-plavi-horizonti-3.jpg 600w, https:\/\/www.bosal.rs\/rs\/wp-content\/uploads\/2017\/07\/sobna-vrata-plavi-horizonti-3-200x300.jpg 200w, https:\/\/www.bosal.rs\/rs\/wp-content\/uploads\/2017\/07\/sobna-vrata-plavi-horizonti-3-469x705.jpg 469w, https:\/\/www.bosal.rs\/rs\/wp-content\/uploads\/2017\/07\/sobna-vrata-plavi-horizonti-3-450x677.jpg 450w\" data-sizes=\"(max-width: 600px) 100vw, 600px\" class='avia_image' ><img class='wp-image-1609 avia-img-lazy-loading-not-1609 avia_image ' src=\"https:\/\/www.bosal.rs\/rs\/wp-content\/uploads\/2017\/07\/sobna-vrata-plavi-horizonti-3.jpg\" alt='' title='sobna-vrata-plavi-horizonti-3'  height=\"902\" width=\"600\"  itemprop=\"thumbnailUrl\" srcset=\"https:\/\/www.bosal.rs\/rs\/wp-content\/uploads\/2017\/07\/sobna-vrata-plavi-horizonti-3.jpg 600w, https:\/\/www.bosal.rs\/rs\/wp-content\/uploads\/2017\/07\/sobna-vrata-plavi-horizonti-3-200x300.jpg 200w, https:\/\/www.bosal.rs\/rs\/wp-content\/uploads\/2017\/07\/sobna-vrata-plavi-horizonti-3-469x705.jpg 469w, https:\/\/www.bosal.rs\/rs\/wp-content\/uploads\/2017\/07\/sobna-vrata-plavi-horizonti-3-450x677.jpg 450w\" sizes=\"(max-width: 600px) 100vw, 600px\" \/><\/a><\/div><\/div><\/div><br \/>\n\n<style type=\"text\/css\" data-created_by=\"avia_inline_auto\" id=\"style-css-av-av_hr-6f10447ca5e6eba220d20c01af598157\">\n#top .hr.hr-invisible.av-av_hr-6f10447ca5e6eba220d20c01af598157{\nheight:15px;\n}\n<\/style>\n<div  class='hr av-av_hr-6f10447ca5e6eba220d20c01af598157 hr-invisible  avia-builder-el-10  el_after_av_image  el_before_av_textblock '><span class='hr-inner '><span class=\"hr-inner-style\"><\/span><\/span><\/div><br \/>\n<section  class='av_textblock_section av-av_textblock-283972ea15f2e73870c23e2d6de3245d'  itemscope=\"itemscope\" itemtype=\"https:\/\/schema.org\/BlogPosting\" itemprop=\"blogPost\" ><div class='avia_textblock'  itemprop=\"text\" ><p>Vrata desno na ovoj fotografiji su sa klasi\u010dnim pervajzom od 8 cm, a imaju\u0107i u vidu i \u0161ire senke na dezenu jasena, deluju ve\u0107e i \u0161ire.<\/p>\n<p>Ru\u010dke na svim vratima su odabrane iz na\u0161e standardne ponude, a ovde je u pitanju <a href=\"https:\/\/www.bosal.rs\/rs\/osnovna-oprema\/#kvake\" target=\"_blank\" rel=\"noopener\"><strong>Hoppe Stockholm model ru\u010dki<\/strong><\/a>. To je odli\u010dna kvaka, koja se kroz na\u0161e dugogodi\u0161nje iskustvo pokazala veoma kvalitetnom.<\/p>\n<p>Isti stil ispra\u0107en je i na slede\u0107im vratima, koja se mogu videti na fotografiji, s tim \u0161to su ovo vrata koja su ra\u0111ena u <strong>kontra-\u0161tok varijanti<\/strong> (desna vrata) i sa skrivenim \u0161arkama (leva vrata). Vizuelno izgledaju isto sa prednje i spolja\u0161nje strane, me\u0111utim, vrata sa kontra-\u0161tokom se otvaraju ka sobi (ka sebi), dok se vrata sa skrivenim \u0161arkama otvaraju ka spolja, to jest iz sobe (od sebe).<\/p>\n<\/div><\/section><br \/>\n\n<style type=\"text\/css\" data-created_by=\"avia_inline_auto\" id=\"style-css-av-av_hr-6f10447ca5e6eba220d20c01af598157\">\n#top .hr.hr-invisible.av-av_hr-6f10447ca5e6eba220d20c01af598157{\nheight:15px;\n}\n<\/style>\n<div  class='hr av-av_hr-6f10447ca5e6eba220d20c01af598157 hr-invisible  avia-builder-el-12  el_after_av_textblock  el_before_av_image '><span class='hr-inner '><span class=\"hr-inner-style\"><\/span><\/span><\/div><br \/>\n\n<style type=\"text\/css\" data-created_by=\"avia_inline_auto\" id=\"style-css-av-av_image-31fb3691c35889ad9195f5b8e436fea0\">\n.avia-image-container.av-av_image-31fb3691c35889ad9195f5b8e436fea0 img.avia_image{\nbox-shadow:none;\n}\n.avia-image-container.av-av_image-31fb3691c35889ad9195f5b8e436fea0 .av-image-caption-overlay-center{\ncolor:#ffffff;\n}\n<\/style>\n<div  class='avia-image-container av-av_image-31fb3691c35889ad9195f5b8e436fea0 av-styling-no-styling avia-align-center  avia-builder-el-13  el_after_av_hr  el_before_av_hr '   itemprop=\"image\" itemscope=\"itemscope\" itemtype=\"https:\/\/schema.org\/ImageObject\" ><div class=\"avia-image-container-inner\"><div class=\"avia-image-overlay-wrap\"><a href=\"https:\/\/www.bosal.rs\/rs\/wp-content\/uploads\/2017\/07\/sobna-vrata-plavi-horizonti-4-1030x685.jpg\" data-srcset=\"https:\/\/www.bosal.rs\/rs\/wp-content\/uploads\/2017\/07\/sobna-vrata-plavi-horizonti-4-1030x685.jpg 1030w, https:\/\/www.bosal.rs\/rs\/wp-content\/uploads\/2017\/07\/sobna-vrata-plavi-horizonti-4-300x200.jpg 300w, https:\/\/www.bosal.rs\/rs\/wp-content\/uploads\/2017\/07\/sobna-vrata-plavi-horizonti-4-768x511.jpg 768w, https:\/\/www.bosal.rs\/rs\/wp-content\/uploads\/2017\/07\/sobna-vrata-plavi-horizonti-4-705x469.jpg 705w, https:\/\/www.bosal.rs\/rs\/wp-content\/uploads\/2017\/07\/sobna-vrata-plavi-horizonti-4-450x299.jpg 450w, https:\/\/www.bosal.rs\/rs\/wp-content\/uploads\/2017\/07\/sobna-vrata-plavi-horizonti-4.jpg 1200w\" data-sizes=\"(max-width: 1030px) 100vw, 1030px\" class='avia_image' ><img class='wp-image-1610 avia-img-lazy-loading-not-1610 avia_image ' src=\"https:\/\/www.bosal.rs\/rs\/wp-content\/uploads\/2017\/07\/sobna-vrata-plavi-horizonti-4-1030x685.jpg\" alt='' title='sobna-vrata-plavi-horizonti-4'  height=\"685\" width=\"1030\"  itemprop=\"thumbnailUrl\" srcset=\"https:\/\/www.bosal.rs\/rs\/wp-content\/uploads\/2017\/07\/sobna-vrata-plavi-horizonti-4-1030x685.jpg 1030w, https:\/\/www.bosal.rs\/rs\/wp-content\/uploads\/2017\/07\/sobna-vrata-plavi-horizonti-4-300x200.jpg 300w, https:\/\/www.bosal.rs\/rs\/wp-content\/uploads\/2017\/07\/sobna-vrata-plavi-horizonti-4-768x511.jpg 768w, https:\/\/www.bosal.rs\/rs\/wp-content\/uploads\/2017\/07\/sobna-vrata-plavi-horizonti-4-705x469.jpg 705w, https:\/\/www.bosal.rs\/rs\/wp-content\/uploads\/2017\/07\/sobna-vrata-plavi-horizonti-4-450x299.jpg 450w, https:\/\/www.bosal.rs\/rs\/wp-content\/uploads\/2017\/07\/sobna-vrata-plavi-horizonti-4.jpg 1200w\" sizes=\"(max-width: 1030px) 100vw, 1030px\" \/><\/a><\/div><\/div><\/div><br \/>\n\n<style type=\"text\/css\" data-created_by=\"avia_inline_auto\" id=\"style-css-av-av_hr-6f10447ca5e6eba220d20c01af598157\">\n#top .hr.hr-invisible.av-av_hr-6f10447ca5e6eba220d20c01af598157{\nheight:15px;\n}\n<\/style>\n<div  class='hr av-av_hr-6f10447ca5e6eba220d20c01af598157 hr-invisible  avia-builder-el-14  el_after_av_image  el_before_av_textblock '><span class='hr-inner '><span class=\"hr-inner-style\"><\/span><\/span><\/div><br \/>\n<section  class='av_textblock_section av-av_textblock-283972ea15f2e73870c23e2d6de3245d'  itemscope=\"itemscope\" itemtype=\"https:\/\/schema.org\/BlogPosting\" itemprop=\"blogPost\" ><div class='avia_textblock'  itemprop=\"text\" ><p>Razlika je i u tome \u0161to su na desnim vratima \u0161arke uo\u010dljive, dok se na levim ne vide jer su postavljene skrivene \u0161arke, \u0161to je jedna od dodatnih opcija opreme prilikom odabira sobnih vrata iz na\u0161e proizvodnje.<\/p>\n<p>Jo\u0161 jedna <a href=\"https:\/\/www.bosal.rs\/rs\/sobna-vrata\/\" target=\"_blank\" rel=\"noopener\"><strong>enterijerska vrata<\/strong><\/a>, uklopljena u okru\u017eenje sa crnim plakarom i plavim zidom, su vrata sa kontra-\u0161tokom, malo su \u0161ira, te samim tim izgledaju svetlije.<\/p>\n<\/div><\/section><br \/>\n\n<style type=\"text\/css\" data-created_by=\"avia_inline_auto\" id=\"style-css-av-av_hr-6f10447ca5e6eba220d20c01af598157\">\n#top .hr.hr-invisible.av-av_hr-6f10447ca5e6eba220d20c01af598157{\nheight:15px;\n}\n<\/style>\n<div  class='hr av-av_hr-6f10447ca5e6eba220d20c01af598157 hr-invisible  avia-builder-el-16  el_after_av_textblock  el_before_av_image '><span class='hr-inner '><span class=\"hr-inner-style\"><\/span><\/span><\/div><br \/>\n\n<style type=\"text\/css\" data-created_by=\"avia_inline_auto\" id=\"style-css-av-av_image-ec2f802c3ac2a01b8361c64068e9812b\">\n.avia-image-container.av-av_image-ec2f802c3ac2a01b8361c64068e9812b img.avia_image{\nbox-shadow:none;\n}\n.avia-image-container.av-av_image-ec2f802c3ac2a01b8361c64068e9812b .av-image-caption-overlay-center{\ncolor:#ffffff;\n}\n<\/style>\n<div  class='avia-image-container av-av_image-ec2f802c3ac2a01b8361c64068e9812b av-styling-no-styling avia-align-center  avia-builder-el-17  el_after_av_hr  el_before_av_image '   itemprop=\"image\" itemscope=\"itemscope\" itemtype=\"https:\/\/schema.org\/ImageObject\" ><div class=\"avia-image-container-inner\"><div class=\"avia-image-overlay-wrap\"><a href=\"https:\/\/www.bosal.rs\/rs\/wp-content\/uploads\/2017\/07\/sobna-vrata-plavi-horizonti-5.jpg\" data-srcset=\"https:\/\/www.bosal.rs\/rs\/wp-content\/uploads\/2017\/07\/sobna-vrata-plavi-horizonti-5.jpg 600w, https:\/\/www.bosal.rs\/rs\/wp-content\/uploads\/2017\/07\/sobna-vrata-plavi-horizonti-5-200x300.jpg 200w, https:\/\/www.bosal.rs\/rs\/wp-content\/uploads\/2017\/07\/sobna-vrata-plavi-horizonti-5-469x705.jpg 469w, https:\/\/www.bosal.rs\/rs\/wp-content\/uploads\/2017\/07\/sobna-vrata-plavi-horizonti-5-450x677.jpg 450w\" data-sizes=\"(max-width: 600px) 100vw, 600px\" class='avia_image' ><img class='wp-image-1611 avia-img-lazy-loading-not-1611 avia_image ' src=\"https:\/\/www.bosal.rs\/rs\/wp-content\/uploads\/2017\/07\/sobna-vrata-plavi-horizonti-5.jpg\" alt='' title='sobna-vrata-plavi-horizonti-5'  height=\"902\" width=\"600\"  itemprop=\"thumbnailUrl\" srcset=\"https:\/\/www.bosal.rs\/rs\/wp-content\/uploads\/2017\/07\/sobna-vrata-plavi-horizonti-5.jpg 600w, https:\/\/www.bosal.rs\/rs\/wp-content\/uploads\/2017\/07\/sobna-vrata-plavi-horizonti-5-200x300.jpg 200w, https:\/\/www.bosal.rs\/rs\/wp-content\/uploads\/2017\/07\/sobna-vrata-plavi-horizonti-5-469x705.jpg 469w, https:\/\/www.bosal.rs\/rs\/wp-content\/uploads\/2017\/07\/sobna-vrata-plavi-horizonti-5-450x677.jpg 450w\" sizes=\"(max-width: 600px) 100vw, 600px\" \/><\/a><\/div><\/div><\/div><br \/>\n\n<style type=\"text\/css\" data-created_by=\"avia_inline_auto\" id=\"style-css-av-av_image-a81f3b6366cfc1b2fa0e8e54b8cc4251\">\n.avia-image-container.av-av_image-a81f3b6366cfc1b2fa0e8e54b8cc4251 img.avia_image{\nbox-shadow:none;\n}\n.avia-image-container.av-av_image-a81f3b6366cfc1b2fa0e8e54b8cc4251 .av-image-caption-overlay-center{\ncolor:#ffffff;\n}\n<\/style>\n<div  class='avia-image-container av-av_image-a81f3b6366cfc1b2fa0e8e54b8cc4251 av-styling-no-styling avia-align-center  avia-builder-el-18  el_after_av_image  el_before_av_hr '   itemprop=\"image\" itemscope=\"itemscope\" itemtype=\"https:\/\/schema.org\/ImageObject\" ><div class=\"avia-image-container-inner\"><div class=\"avia-image-overlay-wrap\"><a href=\"https:\/\/www.bosal.rs\/rs\/wp-content\/uploads\/2017\/07\/sobna-vrata-plavi-horizonti-6.jpg\" data-srcset=\"https:\/\/www.bosal.rs\/rs\/wp-content\/uploads\/2017\/07\/sobna-vrata-plavi-horizonti-6.jpg 600w, https:\/\/www.bosal.rs\/rs\/wp-content\/uploads\/2017\/07\/sobna-vrata-plavi-horizonti-6-200x300.jpg 200w, https:\/\/www.bosal.rs\/rs\/wp-content\/uploads\/2017\/07\/sobna-vrata-plavi-horizonti-6-469x705.jpg 469w, https:\/\/www.bosal.rs\/rs\/wp-content\/uploads\/2017\/07\/sobna-vrata-plavi-horizonti-6-450x677.jpg 450w\" data-sizes=\"(max-width: 600px) 100vw, 600px\" class='avia_image' ><img class='wp-image-1612 avia-img-lazy-loading-not-1612 avia_image ' src=\"https:\/\/www.bosal.rs\/rs\/wp-content\/uploads\/2017\/07\/sobna-vrata-plavi-horizonti-6.jpg\" alt='' title='sobna-vrata-plavi-horizonti-6'  height=\"902\" width=\"600\"  itemprop=\"thumbnailUrl\" srcset=\"https:\/\/www.bosal.rs\/rs\/wp-content\/uploads\/2017\/07\/sobna-vrata-plavi-horizonti-6.jpg 600w, https:\/\/www.bosal.rs\/rs\/wp-content\/uploads\/2017\/07\/sobna-vrata-plavi-horizonti-6-200x300.jpg 200w, https:\/\/www.bosal.rs\/rs\/wp-content\/uploads\/2017\/07\/sobna-vrata-plavi-horizonti-6-469x705.jpg 469w, https:\/\/www.bosal.rs\/rs\/wp-content\/uploads\/2017\/07\/sobna-vrata-plavi-horizonti-6-450x677.jpg 450w\" sizes=\"(max-width: 600px) 100vw, 600px\" \/><\/a><\/div><\/div><\/div><br \/>\n\n<style type=\"text\/css\" data-created_by=\"avia_inline_auto\" id=\"style-css-av-av_hr-6f10447ca5e6eba220d20c01af598157\">\n#top .hr.hr-invisible.av-av_hr-6f10447ca5e6eba220d20c01af598157{\nheight:15px;\n}\n<\/style>\n<div  class='hr av-av_hr-6f10447ca5e6eba220d20c01af598157 hr-invisible  avia-builder-el-19  el_after_av_image  el_before_av_textblock '><span class='hr-inner '><span class=\"hr-inner-style\"><\/span><\/span><\/div><br \/>\n<section  class='av_textblock_section av-av_textblock-283972ea15f2e73870c23e2d6de3245d'  itemscope=\"itemscope\" itemtype=\"https:\/\/schema.org\/BlogPosting\" itemprop=\"blogPost\" ><div class='avia_textblock'  itemprop=\"text\" ><p>U ovoj ku\u0107i postavli smo i kupatilska vrata, koja prate estetiku ostalih sobnih vrata, malo su su u\u017ea i sa kontra-\u0161tokom. Okov je identi\u010dan, s tim \u0161to je u ovom slu\u010daju iskori\u0161\u0107ena kupatilska brava.<\/p>\n<h3>Aluminijumska stolarija<\/h3>\n<p>Za potrebe ove ku\u0107e radili smo <a href=\"http:\/\/www.bosalstolarija.rs\/alu-stolarija.php\" target=\"_blank\" rel=\"noopener\"><strong>aluminijumsku stolariju<\/strong><\/a> na dva mesta \u2013 u dnevnom boravku, to jest na ulazu u zadnje dvori\u0161te i na terasi.<\/p>\n<\/div><\/section><br \/>\n\n<style type=\"text\/css\" data-created_by=\"avia_inline_auto\" id=\"style-css-av-av_hr-6f10447ca5e6eba220d20c01af598157\">\n#top .hr.hr-invisible.av-av_hr-6f10447ca5e6eba220d20c01af598157{\nheight:15px;\n}\n<\/style>\n<div  class='hr av-av_hr-6f10447ca5e6eba220d20c01af598157 hr-invisible  avia-builder-el-21  el_after_av_textblock  el_before_av_image '><span class='hr-inner '><span class=\"hr-inner-style\"><\/span><\/span><\/div><br \/>\n\n<style type=\"text\/css\" data-created_by=\"avia_inline_auto\" id=\"style-css-av-av_image-ba3e893ceba9ab676b443dee779c54d3\">\n.avia-image-container.av-av_image-ba3e893ceba9ab676b443dee779c54d3 img.avia_image{\nbox-shadow:none;\n}\n.avia-image-container.av-av_image-ba3e893ceba9ab676b443dee779c54d3 .av-image-caption-overlay-center{\ncolor:#ffffff;\n}\n<\/style>\n<div  class='avia-image-container av-av_image-ba3e893ceba9ab676b443dee779c54d3 av-styling-no-styling avia-align-center  avia-builder-el-22  el_after_av_hr  el_before_av_hr '   itemprop=\"image\" itemscope=\"itemscope\" itemtype=\"https:\/\/schema.org\/ImageObject\" ><div class=\"avia-image-container-inner\"><div class=\"avia-image-overlay-wrap\"><a href=\"https:\/\/www.bosal.rs\/rs\/wp-content\/uploads\/2017\/07\/aluminijumska-stolarija-plavi-horizonti-1-1030x686.jpg\" data-srcset=\"https:\/\/www.bosal.rs\/rs\/wp-content\/uploads\/2017\/07\/aluminijumska-stolarija-plavi-horizonti-1-1030x686.jpg 1030w, https:\/\/www.bosal.rs\/rs\/wp-content\/uploads\/2017\/07\/aluminijumska-stolarija-plavi-horizonti-1-300x200.jpg 300w, https:\/\/www.bosal.rs\/rs\/wp-content\/uploads\/2017\/07\/aluminijumska-stolarija-plavi-horizonti-1-768x511.jpg 768w, https:\/\/www.bosal.rs\/rs\/wp-content\/uploads\/2017\/07\/aluminijumska-stolarija-plavi-horizonti-1-705x469.jpg 705w, https:\/\/www.bosal.rs\/rs\/wp-content\/uploads\/2017\/07\/aluminijumska-stolarija-plavi-horizonti-1-450x300.jpg 450w, https:\/\/www.bosal.rs\/rs\/wp-content\/uploads\/2017\/07\/aluminijumska-stolarija-plavi-horizonti-1.jpg 1200w\" data-sizes=\"(max-width: 1030px) 100vw, 1030px\" class='avia_image' ><img class='wp-image-1613 avia-img-lazy-loading-not-1613 avia_image ' src=\"https:\/\/www.bosal.rs\/rs\/wp-content\/uploads\/2017\/07\/aluminijumska-stolarija-plavi-horizonti-1.jpg\" alt='' title=''  height=\"799\" width=\"1200\"  itemprop=\"thumbnailUrl\" srcset=\"https:\/\/www.bosal.rs\/rs\/wp-content\/uploads\/2017\/07\/aluminijumska-stolarija-plavi-horizonti-1.jpg 1200w, https:\/\/www.bosal.rs\/rs\/wp-content\/uploads\/2017\/07\/aluminijumska-stolarija-plavi-horizonti-1-300x200.jpg 300w, https:\/\/www.bosal.rs\/rs\/wp-content\/uploads\/2017\/07\/aluminijumska-stolarija-plavi-horizonti-1-768x511.jpg 768w, https:\/\/www.bosal.rs\/rs\/wp-content\/uploads\/2017\/07\/aluminijumska-stolarija-plavi-horizonti-1-1030x686.jpg 1030w, https:\/\/www.bosal.rs\/rs\/wp-content\/uploads\/2017\/07\/aluminijumska-stolarija-plavi-horizonti-1-705x469.jpg 705w, https:\/\/www.bosal.rs\/rs\/wp-content\/uploads\/2017\/07\/aluminijumska-stolarija-plavi-horizonti-1-450x300.jpg 450w\" sizes=\"(max-width: 1200px) 100vw, 1200px\" \/><\/a><\/div><\/div><\/div><br \/>\n\n<style type=\"text\/css\" data-created_by=\"avia_inline_auto\" id=\"style-css-av-av_hr-6f10447ca5e6eba220d20c01af598157\">\n#top .hr.hr-invisible.av-av_hr-6f10447ca5e6eba220d20c01af598157{\nheight:15px;\n}\n<\/style>\n<div  class='hr av-av_hr-6f10447ca5e6eba220d20c01af598157 hr-invisible  avia-builder-el-23  el_after_av_image  el_before_av_textblock '><span class='hr-inner '><span class=\"hr-inner-style\"><\/span><\/span><\/div><br \/>\n<section  class='av_textblock_section av-av_textblock-283972ea15f2e73870c23e2d6de3245d'  itemscope=\"itemscope\" itemtype=\"https:\/\/schema.org\/BlogPosting\" itemprop=\"blogPost\" ><div class='avia_textblock'  itemprop=\"text\" ><p>U dnevnom boravku nalaze se velika <a href=\"http:\/\/www.bosalstolarija.rs\/alu-jednokrilna-balkonska-vrata.php\" target=\"_blank\" rel=\"noopener\"><strong>aluminijumska vrata<\/strong><\/a>, klasi\u010dna, sa cilindrom i kvakom spolja i unutra. Ovo nisu balkonska vrata, ve\u0107 ulazna. Mo\u017eda deluje neobi\u010dno to \u0161to su ovo ulazna vrata, a asociraju na balkonska, me\u0111utim, <strong>nedostatak malog praga i postavka cilindra je ono \u0161to ih \u010dini ulaznim vratima<\/strong>.<\/p>\n<p>Balkon je u potpunosti zastakljen na\u0161om <a href=\"http:\/\/www.bosalstolarija.rs\/alu-stolarija.php\" target=\"_blank\" rel=\"noopener\"><strong>ALU stolarijom<\/strong><\/a>. U pitanju je klasi\u010dan aluminijumski profil M 11000, koji je postavljen celom du\u017einom od 6 metara balkona. <strong>Svi delovi su fiksni, osim dvoja vrata koja se otvaraju ka unutra<\/strong>.<\/p>\n<\/div><\/section><br \/>\n\n<style type=\"text\/css\" data-created_by=\"avia_inline_auto\" id=\"style-css-av-av_hr-6f10447ca5e6eba220d20c01af598157\">\n#top .hr.hr-invisible.av-av_hr-6f10447ca5e6eba220d20c01af598157{\nheight:15px;\n}\n<\/style>\n<div  class='hr av-av_hr-6f10447ca5e6eba220d20c01af598157 hr-invisible  avia-builder-el-25  el_after_av_textblock  el_before_av_image '><span class='hr-inner '><span class=\"hr-inner-style\"><\/span><\/span><\/div><br \/>\n\n<style type=\"text\/css\" data-created_by=\"avia_inline_auto\" id=\"style-css-av-av_image-58b98880aae81e4f03da519b8f72aee0\">\n.avia-image-container.av-av_image-58b98880aae81e4f03da519b8f72aee0 img.avia_image{\nbox-shadow:none;\n}\n.avia-image-container.av-av_image-58b98880aae81e4f03da519b8f72aee0 .av-image-caption-overlay-center{\ncolor:#ffffff;\n}\n<\/style>\n<div  class='avia-image-container av-av_image-58b98880aae81e4f03da519b8f72aee0 av-styling-no-styling avia-align-center  avia-builder-el-26  el_after_av_hr  el_before_av_image '   itemprop=\"image\" itemscope=\"itemscope\" itemtype=\"https:\/\/schema.org\/ImageObject\" ><div class=\"avia-image-container-inner\"><div class=\"avia-image-overlay-wrap\"><a href=\"https:\/\/www.bosal.rs\/rs\/wp-content\/uploads\/2017\/07\/aluminijumska-stolarija-plavi-horizonti-2-1030x686.jpg\" data-srcset=\"https:\/\/www.bosal.rs\/rs\/wp-content\/uploads\/2017\/07\/aluminijumska-stolarija-plavi-horizonti-2-1030x686.jpg 1030w, https:\/\/www.bosal.rs\/rs\/wp-content\/uploads\/2017\/07\/aluminijumska-stolarija-plavi-horizonti-2-300x200.jpg 300w, https:\/\/www.bosal.rs\/rs\/wp-content\/uploads\/2017\/07\/aluminijumska-stolarija-plavi-horizonti-2-768x511.jpg 768w, https:\/\/www.bosal.rs\/rs\/wp-content\/uploads\/2017\/07\/aluminijumska-stolarija-plavi-horizonti-2-705x469.jpg 705w, https:\/\/www.bosal.rs\/rs\/wp-content\/uploads\/2017\/07\/aluminijumska-stolarija-plavi-horizonti-2-450x300.jpg 450w, https:\/\/www.bosal.rs\/rs\/wp-content\/uploads\/2017\/07\/aluminijumska-stolarija-plavi-horizonti-2.jpg 1200w\" data-sizes=\"(max-width: 1030px) 100vw, 1030px\" class='avia_image' ><img class='wp-image-1614 avia-img-lazy-loading-not-1614 avia_image ' src=\"https:\/\/www.bosal.rs\/rs\/wp-content\/uploads\/2017\/07\/aluminijumska-stolarija-plavi-horizonti-2.jpg\" alt='' title='aluminijumska-stolarija-plavi-horizonti-2'  height=\"799\" width=\"1200\"  itemprop=\"thumbnailUrl\" srcset=\"https:\/\/www.bosal.rs\/rs\/wp-content\/uploads\/2017\/07\/aluminijumska-stolarija-plavi-horizonti-2.jpg 1200w, https:\/\/www.bosal.rs\/rs\/wp-content\/uploads\/2017\/07\/aluminijumska-stolarija-plavi-horizonti-2-300x200.jpg 300w, https:\/\/www.bosal.rs\/rs\/wp-content\/uploads\/2017\/07\/aluminijumska-stolarija-plavi-horizonti-2-768x511.jpg 768w, https:\/\/www.bosal.rs\/rs\/wp-content\/uploads\/2017\/07\/aluminijumska-stolarija-plavi-horizonti-2-1030x686.jpg 1030w, https:\/\/www.bosal.rs\/rs\/wp-content\/uploads\/2017\/07\/aluminijumska-stolarija-plavi-horizonti-2-705x469.jpg 705w, https:\/\/www.bosal.rs\/rs\/wp-content\/uploads\/2017\/07\/aluminijumska-stolarija-plavi-horizonti-2-450x300.jpg 450w\" sizes=\"(max-width: 1200px) 100vw, 1200px\" \/><\/a><\/div><\/div><\/div><br \/>\n\n<style type=\"text\/css\" data-created_by=\"avia_inline_auto\" id=\"style-css-av-av_image-e7a05cf07ec385ce196e1cee23e8b8fc\">\n.avia-image-container.av-av_image-e7a05cf07ec385ce196e1cee23e8b8fc img.avia_image{\nbox-shadow:none;\n}\n.avia-image-container.av-av_image-e7a05cf07ec385ce196e1cee23e8b8fc .av-image-caption-overlay-center{\ncolor:#ffffff;\n}\n<\/style>\n<div  class='avia-image-container av-av_image-e7a05cf07ec385ce196e1cee23e8b8fc av-styling-no-styling avia-align-center  avia-builder-el-27  el_after_av_image  el_before_av_image '   itemprop=\"image\" itemscope=\"itemscope\" itemtype=\"https:\/\/schema.org\/ImageObject\" ><div class=\"avia-image-container-inner\"><div class=\"avia-image-overlay-wrap\"><a href=\"https:\/\/www.bosal.rs\/rs\/wp-content\/uploads\/2017\/07\/aluminijumska-stolarija-plavi-horizonti-3-1030x685.jpg\" data-srcset=\"https:\/\/www.bosal.rs\/rs\/wp-content\/uploads\/2017\/07\/aluminijumska-stolarija-plavi-horizonti-3-1030x685.jpg 1030w, https:\/\/www.bosal.rs\/rs\/wp-content\/uploads\/2017\/07\/aluminijumska-stolarija-plavi-horizonti-3-300x200.jpg 300w, https:\/\/www.bosal.rs\/rs\/wp-content\/uploads\/2017\/07\/aluminijumska-stolarija-plavi-horizonti-3-768x511.jpg 768w, https:\/\/www.bosal.rs\/rs\/wp-content\/uploads\/2017\/07\/aluminijumska-stolarija-plavi-horizonti-3-705x469.jpg 705w, https:\/\/www.bosal.rs\/rs\/wp-content\/uploads\/2017\/07\/aluminijumska-stolarija-plavi-horizonti-3-450x299.jpg 450w, https:\/\/www.bosal.rs\/rs\/wp-content\/uploads\/2017\/07\/aluminijumska-stolarija-plavi-horizonti-3.jpg 1200w\" data-sizes=\"(max-width: 1030px) 100vw, 1030px\" class='avia_image' ><img class='wp-image-1615 avia-img-lazy-loading-not-1615 avia_image ' src=\"https:\/\/www.bosal.rs\/rs\/wp-content\/uploads\/2017\/07\/aluminijumska-stolarija-plavi-horizonti-3.jpg\" alt='' title='aluminijumska-stolarija-plavi-horizonti-3'  height=\"798\" width=\"1200\"  itemprop=\"thumbnailUrl\" srcset=\"https:\/\/www.bosal.rs\/rs\/wp-content\/uploads\/2017\/07\/aluminijumska-stolarija-plavi-horizonti-3.jpg 1200w, https:\/\/www.bosal.rs\/rs\/wp-content\/uploads\/2017\/07\/aluminijumska-stolarija-plavi-horizonti-3-300x200.jpg 300w, https:\/\/www.bosal.rs\/rs\/wp-content\/uploads\/2017\/07\/aluminijumska-stolarija-plavi-horizonti-3-768x511.jpg 768w, https:\/\/www.bosal.rs\/rs\/wp-content\/uploads\/2017\/07\/aluminijumska-stolarija-plavi-horizonti-3-1030x685.jpg 1030w, https:\/\/www.bosal.rs\/rs\/wp-content\/uploads\/2017\/07\/aluminijumska-stolarija-plavi-horizonti-3-705x469.jpg 705w, https:\/\/www.bosal.rs\/rs\/wp-content\/uploads\/2017\/07\/aluminijumska-stolarija-plavi-horizonti-3-450x299.jpg 450w\" sizes=\"(max-width: 1200px) 100vw, 1200px\" \/><\/a><\/div><\/div><\/div><br \/>\n\n<style type=\"text\/css\" data-created_by=\"avia_inline_auto\" id=\"style-css-av-av_image-c084b13e49fb0b250446106f34f373df\">\n.avia-image-container.av-av_image-c084b13e49fb0b250446106f34f373df img.avia_image{\nbox-shadow:none;\n}\n.avia-image-container.av-av_image-c084b13e49fb0b250446106f34f373df .av-image-caption-overlay-center{\ncolor:#ffffff;\n}\n<\/style>\n<div  class='avia-image-container av-av_image-c084b13e49fb0b250446106f34f373df av-styling-no-styling avia-align-center  avia-builder-el-28  el_after_av_image  el_before_av_hr '   itemprop=\"image\" itemscope=\"itemscope\" itemtype=\"https:\/\/schema.org\/ImageObject\" ><div class=\"avia-image-container-inner\"><div class=\"avia-image-overlay-wrap\"><a href=\"https:\/\/www.bosal.rs\/rs\/wp-content\/uploads\/2017\/07\/aluminijumska-stolarija-plavi-horizonti-4.jpg\" data-srcset=\"https:\/\/www.bosal.rs\/rs\/wp-content\/uploads\/2017\/07\/aluminijumska-stolarija-plavi-horizonti-4.jpg 600w, https:\/\/www.bosal.rs\/rs\/wp-content\/uploads\/2017\/07\/aluminijumska-stolarija-plavi-horizonti-4-200x300.jpg 200w, https:\/\/www.bosal.rs\/rs\/wp-content\/uploads\/2017\/07\/aluminijumska-stolarija-plavi-horizonti-4-469x705.jpg 469w, https:\/\/www.bosal.rs\/rs\/wp-content\/uploads\/2017\/07\/aluminijumska-stolarija-plavi-horizonti-4-450x677.jpg 450w\" data-sizes=\"(max-width: 600px) 100vw, 600px\" class='avia_image' ><img class='wp-image-1616 avia-img-lazy-loading-not-1616 avia_image ' src=\"https:\/\/www.bosal.rs\/rs\/wp-content\/uploads\/2017\/07\/aluminijumska-stolarija-plavi-horizonti-4.jpg\" alt='' title='aluminijumska-stolarija-plavi-horizonti-4'  height=\"902\" width=\"600\"  itemprop=\"thumbnailUrl\" srcset=\"https:\/\/www.bosal.rs\/rs\/wp-content\/uploads\/2017\/07\/aluminijumska-stolarija-plavi-horizonti-4.jpg 600w, https:\/\/www.bosal.rs\/rs\/wp-content\/uploads\/2017\/07\/aluminijumska-stolarija-plavi-horizonti-4-200x300.jpg 200w, https:\/\/www.bosal.rs\/rs\/wp-content\/uploads\/2017\/07\/aluminijumska-stolarija-plavi-horizonti-4-469x705.jpg 469w, https:\/\/www.bosal.rs\/rs\/wp-content\/uploads\/2017\/07\/aluminijumska-stolarija-plavi-horizonti-4-450x677.jpg 450w\" sizes=\"(max-width: 600px) 100vw, 600px\" \/><\/a><\/div><\/div><\/div><br \/>\n\n<style type=\"text\/css\" data-created_by=\"avia_inline_auto\" id=\"style-css-av-av_hr-6f10447ca5e6eba220d20c01af598157\">\n#top .hr.hr-invisible.av-av_hr-6f10447ca5e6eba220d20c01af598157{\nheight:15px;\n}\n<\/style>\n<div  class='hr av-av_hr-6f10447ca5e6eba220d20c01af598157 hr-invisible  avia-builder-el-29  el_after_av_image  el_before_av_textblock '><span class='hr-inner '><span class=\"hr-inner-style\"><\/span><\/span><\/div><br \/>\n<section  class='av_textblock_section av-av_textblock-283972ea15f2e73870c23e2d6de3245d'  itemscope=\"itemscope\" itemtype=\"https:\/\/schema.org\/BlogPosting\" itemprop=\"blogPost\" ><div class='avia_textblock'  itemprop=\"text\" ><p>Iznad balkona su fiksirani fasadni ALU sistemi, koji zaista lepo izgledaju i pru\u017eaju skylight efekat.<\/p>\n<p>Uvek se trudimo da maksimalno iza\u0111emo u susret svim zahtevima klijenata, a tako je bilo i u ovom slu\u010daju. Klijent je bio prezadovoljan celokupnim ura\u0111enim poslom.<\/p>\n<p>Ako mislite da je do\u0161lo vreme da i vi zamenite svoja vrata ili stolariju, slobodno <a href=\"https:\/\/www.bosal.rs\/rs\/kontakt\/\" target=\"_blank\" rel=\"noopener\"><strong>nas kontaktirajte<\/strong><\/a>, a mi \u0107emo se potruditi da dobijete ba\u0161 ono \u0161to ste \u017eeleli.<\/p>\n<\/div><\/section><br \/>\n<br \/>\n\n<style type=\"text\/css\" data-created_by=\"avia_inline_auto\" id=\"style-css-av-av_heading-20808c8ef60841d8814e8bb93e1f8083\">\n#top .av-special-heading.av-av_heading-20808c8ef60841d8814e8bb93e1f8083{\npadding-bottom:10px;\nfont-size:35px;\n}\nbody .av-special-heading.av-av_heading-20808c8ef60841d8814e8bb93e1f8083 .av-special-heading-tag .heading-char{\nfont-size:25px;\n}\n#top #wrap_all .av-special-heading.av-av_heading-20808c8ef60841d8814e8bb93e1f8083 .av-special-heading-tag{\nfont-size:35px;\n}\n.av-special-heading.av-av_heading-20808c8ef60841d8814e8bb93e1f8083 .av-subheading{\nfont-size:15px;\n}\n\n@media only screen and (min-width: 480px) and (max-width: 767px){ \n#top #wrap_all .av-special-heading.av-av_heading-20808c8ef60841d8814e8bb93e1f8083 .av-special-heading-tag{\nfont-size:0.8em;\n}\n}\n\n@media only screen and (max-width: 479px){ \n#top #wrap_all .av-special-heading.av-av_heading-20808c8ef60841d8814e8bb93e1f8083 .av-special-heading-tag{\nfont-size:0.8em;\n}\n}\n<\/style>\n<div  class='av-special-heading av-av_heading-20808c8ef60841d8814e8bb93e1f8083 av-special-heading-h3 blockquote modern-quote  avia-builder-el-32  el_after_av_codeblock  el_before_av_blog  av-inherit-size'><h3 class='av-special-heading-tag'  itemprop=\"headline\"  >Pogledajte i ostale reference:<\/h3><div class=\"special-heading-border\"><div class=\"special-heading-inner-border\"><\/div><\/div><\/div><br \/>\n<div  data-slideshow-options=\"{&quot;animation&quot;:&quot;fade&quot;,&quot;autoplay&quot;:false,&quot;loop_autoplay&quot;:&quot;once&quot;,&quot;interval&quot;:5,&quot;loop_manual&quot;:&quot;manual-endless&quot;,&quot;autoplay_stopper&quot;:false,&quot;noNavigation&quot;:false,&quot;show_slide_delay&quot;:90}\" class='avia-content-slider avia-content-grid-active avia-content-slider1 avia-content-slider-even  avia-builder-el-33  el_after_av_heading  avia-builder-el-last  av-slideshow-ui av-control-default   av-no-slider-navigation av-slideshow-manual av-loop-once av-loop-manual-endless '  itemscope=\"itemscope\" itemtype=\"https:\/\/schema.org\/Blog\" ><div class=\"avia-content-slider-inner\"><div class=\"slide-entry-wrap\"><article class='slide-entry flex_column  post-entry post-entry-5010 slide-entry-overview slide-loop-1 slide-parity-odd  av_one_half first real-thumbnail post-format-standard'  itemscope=\"itemscope\" itemtype=\"https:\/\/schema.org\/BlogPosting\" itemprop=\"blogPost\" ><a href='https:\/\/www.bosal.rs\/rs\/premium-sigurnosna-vrata-za-airport-garden\/' data-rel='slide-1' class='slide-image' title='Premium sigurnosna vrata za Airport Garden'><img width=\"495\" height=\"400\" src=\"https:\/\/www.bosal.rs\/rs\/wp-content\/uploads\/2026\/02\/Ap-Garden-5-495x400.jpg\" class=\"wp-image-5006 avia-img-lazy-loading-not-5006 attachment-portfolio size-portfolio wp-post-image\" alt=\"\" \/><\/a><div class=\"slide-content\"><header class=\"entry-content-header\"><h3 class='slide-entry-title entry-title '  itemprop=\"headline\" ><a href='https:\/\/www.bosal.rs\/rs\/premium-sigurnosna-vrata-za-airport-garden\/' title='Premium sigurnosna vrata za Airport Garden'>Premium sigurnosna vrata za Airport Garden<\/a><\/h3><span class=\"blog-categories minor-meta\"><a href=\"https:\/\/www.bosal.rs\/rs\/category\/sigurnosna-vrata\/\" rel=\"tag\">Sigurnosna vrata<\/a> <\/span><span class=\"av-vertical-delimiter\"><\/span><\/header><div class='slide-entry-excerpt entry-content'  itemprop=\"text\" >\n\n<\/div><\/div><footer class=\"entry-footer\"><div class=\"slide-meta\"><time class='slide-meta-time updated'  itemprop=\"datePublished\" datetime=\"2026-02-06T12:21:14+01:00\" >6 februara, 2026<\/time><\/div><\/footer><span class='hidden'>\n\t\t\t\t<span class='av-structured-data'  itemprop=\"image\" itemscope=\"itemscope\" itemtype=\"https:\/\/schema.org\/ImageObject\" >\n\t\t\t\t\t\t<span itemprop='url'>https:\/\/www.bosal.rs\/rs\/wp-content\/uploads\/2026\/02\/Ap-Garden-5.jpg<\/span>\n\t\t\t\t\t\t<span itemprop='height'>600<\/span>\n\t\t\t\t\t\t<span itemprop='width'>900<\/span>\n\t\t\t\t<\/span>\n\t\t\t\t<span class='av-structured-data'  itemprop=\"publisher\" itemtype=\"https:\/\/schema.org\/Organization\" itemscope=\"itemscope\" >\n\t\t\t\t\t\t<span itemprop='name'>bosalrs<\/span>\n\t\t\t\t\t\t<span itemprop='logo' itemscope itemtype='https:\/\/schema.org\/ImageObject'>\n\t\t\t\t\t\t\t<span itemprop='url'>https:\/\/www.bosal.rs\/rs\/wp-content\/uploads\/2017\/08\/logo-bosal-final-2017.png<\/span>\n\t\t\t\t\t\t <\/span>\n\t\t\t\t<\/span><span class='av-structured-data'  itemprop=\"author\" itemscope=\"itemscope\" itemtype=\"https:\/\/schema.org\/Person\" ><span itemprop='name'>bosalrs<\/span><\/span><span class='av-structured-data'  itemprop=\"datePublished\" datetime=\"2017-07-04T07:22:34+01:00\" >2026-02-06 12:21:14<\/span><span class='av-structured-data'  itemprop=\"dateModified\" itemtype=\"https:\/\/schema.org\/dateModified\" >2026-03-04 13:52:21<\/span><span class='av-structured-data'  itemprop=\"mainEntityOfPage\" itemtype=\"https:\/\/schema.org\/mainEntityOfPage\" ><span itemprop='name'>Premium sigurnosna vrata za Airport Garden<\/span><\/span><\/span><\/article><article class='slide-entry flex_column  post-entry post-entry-4967 slide-entry-overview slide-loop-2 slide-parity-even  av_one_half  real-thumbnail post-format-standard'  itemscope=\"itemscope\" itemtype=\"https:\/\/schema.org\/BlogPosting\" itemprop=\"blogPost\" ><a href='https:\/\/www.bosal.rs\/rs\/supilova-20-classic-model\/' data-rel='slide-1' class='slide-image' title='Supilova 20 &#8211; Classic model sigurnosnih vrata'><img width=\"495\" height=\"400\" src=\"https:\/\/www.bosal.rs\/rs\/wp-content\/uploads\/2025\/12\/supilova-20-1-495x400.jpg\" class=\"wp-image-4969 avia-img-lazy-loading-not-4969 attachment-portfolio size-portfolio wp-post-image\" alt=\"\" \/><\/a><div class=\"slide-content\"><header class=\"entry-content-header\"><h3 class='slide-entry-title entry-title '  itemprop=\"headline\" ><a href='https:\/\/www.bosal.rs\/rs\/supilova-20-classic-model\/' title='Supilova 20 &#8211; Classic model sigurnosnih vrata'>Supilova 20 &#8211; Classic model sigurnosnih vrata<\/a><\/h3><span class=\"blog-categories minor-meta\"><a href=\"https:\/\/www.bosal.rs\/rs\/category\/sigurnosna-vrata\/classic-model\/\" rel=\"tag\">CLASSIC model<\/a>, <a href=\"https:\/\/www.bosal.rs\/rs\/category\/sigurnosna-vrata\/\" rel=\"tag\">Sigurnosna vrata<\/a> <\/span><span class=\"av-vertical-delimiter\"><\/span><\/header><div class='slide-entry-excerpt entry-content'  itemprop=\"text\" >\n\n<\/div><\/div><footer class=\"entry-footer\"><div class=\"slide-meta\"><time class='slide-meta-time updated'  itemprop=\"datePublished\" datetime=\"2025-12-02T12:33:01+01:00\" >2 decembra, 2025<\/time><\/div><\/footer><span class='hidden'>\n\t\t\t\t<span class='av-structured-data'  itemprop=\"image\" itemscope=\"itemscope\" itemtype=\"https:\/\/schema.org\/ImageObject\" >\n\t\t\t\t\t\t<span itemprop='url'>https:\/\/www.bosal.rs\/rs\/wp-content\/uploads\/2025\/12\/supilova-20-1.jpg<\/span>\n\t\t\t\t\t\t<span itemprop='height'>600<\/span>\n\t\t\t\t\t\t<span itemprop='width'>900<\/span>\n\t\t\t\t<\/span>\n\t\t\t\t<span class='av-structured-data'  itemprop=\"publisher\" itemtype=\"https:\/\/schema.org\/Organization\" itemscope=\"itemscope\" >\n\t\t\t\t\t\t<span itemprop='name'>bosalrs<\/span>\n\t\t\t\t\t\t<span itemprop='logo' itemscope itemtype='https:\/\/schema.org\/ImageObject'>\n\t\t\t\t\t\t\t<span itemprop='url'>https:\/\/www.bosal.rs\/rs\/wp-content\/uploads\/2017\/08\/logo-bosal-final-2017.png<\/span>\n\t\t\t\t\t\t <\/span>\n\t\t\t\t<\/span><span class='av-structured-data'  itemprop=\"author\" itemscope=\"itemscope\" itemtype=\"https:\/\/schema.org\/Person\" ><span itemprop='name'>bosalrs<\/span><\/span><span class='av-structured-data'  itemprop=\"datePublished\" datetime=\"2017-07-04T07:22:34+01:00\" >2025-12-02 12:33:01<\/span><span class='av-structured-data'  itemprop=\"dateModified\" itemtype=\"https:\/\/schema.org\/dateModified\" >2025-12-02 12:33:09<\/span><span class='av-structured-data'  itemprop=\"mainEntityOfPage\" itemtype=\"https:\/\/schema.org\/mainEntityOfPage\" ><span itemprop='name'>Supilova 20 &#8211; Classic model sigurnosnih vrata<\/span><\/span><\/span><\/article><\/div><div class=\"slide-entry-wrap\"><article class='slide-entry flex_column  post-entry post-entry-4940 slide-entry-overview slide-loop-3 slide-parity-odd  av_one_half first real-thumbnail post-format-standard'  itemscope=\"itemscope\" itemtype=\"https:\/\/schema.org\/BlogPosting\" itemprop=\"blogPost\" ><a href='https:\/\/www.bosal.rs\/rs\/lux-model-za-kompleks-u-subotici\/' data-rel='slide-1' class='slide-image' title='LUX model sigurnosnih vrata za kompleks u Subotici'><img width=\"495\" height=\"400\" src=\"https:\/\/www.bosal.rs\/rs\/wp-content\/uploads\/2025\/07\/8-marta-20-subotica-3-495x400.jpg\" class=\"wp-image-4939 avia-img-lazy-loading-not-4939 attachment-portfolio size-portfolio wp-post-image\" alt=\"\" \/><\/a><div class=\"slide-content\"><header class=\"entry-content-header\"><h3 class='slide-entry-title entry-title '  itemprop=\"headline\" ><a href='https:\/\/www.bosal.rs\/rs\/lux-model-za-kompleks-u-subotici\/' title='LUX model sigurnosnih vrata za kompleks u Subotici'>LUX model sigurnosnih vrata za kompleks u Subotici<\/a><\/h3><span class=\"blog-categories minor-meta\"><a href=\"https:\/\/www.bosal.rs\/rs\/category\/sigurnosna-vrata\/\" rel=\"tag\">Sigurnosna vrata<\/a> <\/span><span class=\"av-vertical-delimiter\"><\/span><\/header><div class='slide-entry-excerpt entry-content'  itemprop=\"text\" >\n\n<\/div><\/div><footer class=\"entry-footer\"><div class=\"slide-meta\"><time class='slide-meta-time updated'  itemprop=\"datePublished\" datetime=\"2025-07-29T08:21:30+01:00\" >29 jula, 2025<\/time><\/div><\/footer><span class='hidden'>\n\t\t\t\t<span class='av-structured-data'  itemprop=\"image\" itemscope=\"itemscope\" itemtype=\"https:\/\/schema.org\/ImageObject\" >\n\t\t\t\t\t\t<span itemprop='url'>https:\/\/www.bosal.rs\/rs\/wp-content\/uploads\/2025\/07\/8-marta-20-subotica-3.jpg<\/span>\n\t\t\t\t\t\t<span itemprop='height'>674<\/span>\n\t\t\t\t\t\t<span itemprop='width'>900<\/span>\n\t\t\t\t<\/span>\n\t\t\t\t<span class='av-structured-data'  itemprop=\"publisher\" itemtype=\"https:\/\/schema.org\/Organization\" itemscope=\"itemscope\" >\n\t\t\t\t\t\t<span itemprop='name'>bosalrs<\/span>\n\t\t\t\t\t\t<span itemprop='logo' itemscope itemtype='https:\/\/schema.org\/ImageObject'>\n\t\t\t\t\t\t\t<span itemprop='url'>https:\/\/www.bosal.rs\/rs\/wp-content\/uploads\/2017\/08\/logo-bosal-final-2017.png<\/span>\n\t\t\t\t\t\t <\/span>\n\t\t\t\t<\/span><span class='av-structured-data'  itemprop=\"author\" itemscope=\"itemscope\" itemtype=\"https:\/\/schema.org\/Person\" ><span itemprop='name'>bosalrs<\/span><\/span><span class='av-structured-data'  itemprop=\"datePublished\" datetime=\"2017-07-04T07:22:34+01:00\" >2025-07-29 08:21:30<\/span><span class='av-structured-data'  itemprop=\"dateModified\" itemtype=\"https:\/\/schema.org\/dateModified\" >2025-07-29 08:23:50<\/span><span class='av-structured-data'  itemprop=\"mainEntityOfPage\" itemtype=\"https:\/\/schema.org\/mainEntityOfPage\" ><span itemprop='name'>LUX model sigurnosnih vrata za kompleks u Subotici<\/span><\/span><\/span><\/article><article class='slide-entry flex_column  post-entry post-entry-4912 slide-entry-overview slide-loop-4 slide-parity-even  av_one_half  real-thumbnail post-format-standard'  itemscope=\"itemscope\" itemtype=\"https:\/\/schema.org\/BlogPosting\" itemprop=\"blogPost\" ><a href='https:\/\/www.bosal.rs\/rs\/sigurnosna-vrata-za-naselje-dunavski-virovi\/' data-rel='slide-1' class='slide-image' title='Sigurnosna vrata za naselje &#8222;Dunavski virovi&#8220;'><img width=\"495\" height=\"400\" src=\"https:\/\/www.bosal.rs\/rs\/wp-content\/uploads\/2025\/05\/Lakat-Krivina-2-495x400.jpg\" class=\"wp-image-4921 avia-img-lazy-loading-not-4921 attachment-portfolio size-portfolio wp-post-image\" alt=\"\" \/><\/a><div class=\"slide-content\"><header class=\"entry-content-header\"><h3 class='slide-entry-title entry-title '  itemprop=\"headline\" ><a href='https:\/\/www.bosal.rs\/rs\/sigurnosna-vrata-za-naselje-dunavski-virovi\/' title='Sigurnosna vrata za naselje &#8222;Dunavski virovi&#8220;'>Sigurnosna vrata za naselje &#8222;Dunavski virovi&#8220;<\/a><\/h3><span class=\"blog-categories minor-meta\"><a href=\"https:\/\/www.bosal.rs\/rs\/category\/sigurnosna-vrata\/\" rel=\"tag\">Sigurnosna vrata<\/a> <\/span><span class=\"av-vertical-delimiter\"><\/span><\/header><div class='slide-entry-excerpt entry-content'  itemprop=\"text\" >\n\n<\/div><\/div><footer class=\"entry-footer\"><div class=\"slide-meta\"><time class='slide-meta-time updated'  itemprop=\"datePublished\" datetime=\"2025-05-16T05:05:00+01:00\" >16 maja, 2025<\/time><\/div><\/footer><span class='hidden'>\n\t\t\t\t<span class='av-structured-data'  itemprop=\"image\" itemscope=\"itemscope\" itemtype=\"https:\/\/schema.org\/ImageObject\" >\n\t\t\t\t\t\t<span itemprop='url'>https:\/\/www.bosal.rs\/rs\/wp-content\/uploads\/2025\/05\/Lakat-Krivina-2.jpg<\/span>\n\t\t\t\t\t\t<span itemprop='height'>600<\/span>\n\t\t\t\t\t\t<span itemprop='width'>900<\/span>\n\t\t\t\t<\/span>\n\t\t\t\t<span class='av-structured-data'  itemprop=\"publisher\" itemtype=\"https:\/\/schema.org\/Organization\" itemscope=\"itemscope\" >\n\t\t\t\t\t\t<span itemprop='name'>bosalrs<\/span>\n\t\t\t\t\t\t<span itemprop='logo' itemscope itemtype='https:\/\/schema.org\/ImageObject'>\n\t\t\t\t\t\t\t<span itemprop='url'>https:\/\/www.bosal.rs\/rs\/wp-content\/uploads\/2017\/08\/logo-bosal-final-2017.png<\/span>\n\t\t\t\t\t\t <\/span>\n\t\t\t\t<\/span><span class='av-structured-data'  itemprop=\"author\" itemscope=\"itemscope\" itemtype=\"https:\/\/schema.org\/Person\" ><span itemprop='name'>bosalrs<\/span><\/span><span class='av-structured-data'  itemprop=\"datePublished\" datetime=\"2017-07-04T07:22:34+01:00\" >2025-05-16 05:05:00<\/span><span class='av-structured-data'  itemprop=\"dateModified\" itemtype=\"https:\/\/schema.org\/dateModified\" >2025-05-21 05:09:57<\/span><span class='av-structured-data'  itemprop=\"mainEntityOfPage\" itemtype=\"https:\/\/schema.org\/mainEntityOfPage\" ><span itemprop='name'>Sigurnosna vrata za naselje &#8222;Dunavski virovi&#8220;<\/span><\/span><\/span><\/article><\/div><div class=\"slide-entry-wrap\"><article class='slide-entry flex_column  post-entry post-entry-4895 slide-entry-overview slide-loop-5 slide-parity-odd  av_one_half first real-thumbnail post-format-standard'  itemscope=\"itemscope\" itemtype=\"https:\/\/schema.org\/BlogPosting\" itemprop=\"blogPost\" ><a href='https:\/\/www.bosal.rs\/rs\/sigurnosna-vrata-za-sakura-park\/' data-rel='slide-1' class='slide-image' title='Sigurnosna vrata za Sakura Park'><img width=\"495\" height=\"400\" src=\"https:\/\/www.bosal.rs\/rs\/wp-content\/uploads\/2025\/04\/bosal-sakura-4-495x400.jpg\" class=\"wp-image-4899 avia-img-lazy-loading-not-4899 attachment-portfolio size-portfolio wp-post-image\" alt=\"\" \/><\/a><div class=\"slide-content\"><header class=\"entry-content-header\"><h3 class='slide-entry-title entry-title '  itemprop=\"headline\" ><a href='https:\/\/www.bosal.rs\/rs\/sigurnosna-vrata-za-sakura-park\/' title='Sigurnosna vrata za Sakura Park'>Sigurnosna vrata za Sakura Park<\/a><\/h3><span class=\"blog-categories minor-meta\"><a href=\"https:\/\/www.bosal.rs\/rs\/category\/lux-model\/\" rel=\"tag\">LUX model<\/a>, <a href=\"https:\/\/www.bosal.rs\/rs\/category\/sigurnosna-vrata\/\" rel=\"tag\">Sigurnosna vrata<\/a> <\/span><span class=\"av-vertical-delimiter\"><\/span><\/header><div class='slide-entry-excerpt entry-content'  itemprop=\"text\" >\n\n<\/div><\/div><footer class=\"entry-footer\"><div class=\"slide-meta\"><time class='slide-meta-time updated'  itemprop=\"datePublished\" datetime=\"2025-04-11T09:48:08+01:00\" >11 aprila, 2025<\/time><\/div><\/footer><span class='hidden'>\n\t\t\t\t<span class='av-structured-data'  itemprop=\"image\" itemscope=\"itemscope\" itemtype=\"https:\/\/schema.org\/ImageObject\" >\n\t\t\t\t\t\t<span itemprop='url'>https:\/\/www.bosal.rs\/rs\/wp-content\/uploads\/2025\/04\/bosal-sakura-4.jpg<\/span>\n\t\t\t\t\t\t<span itemprop='height'>600<\/span>\n\t\t\t\t\t\t<span itemprop='width'>900<\/span>\n\t\t\t\t<\/span>\n\t\t\t\t<span class='av-structured-data'  itemprop=\"publisher\" itemtype=\"https:\/\/schema.org\/Organization\" itemscope=\"itemscope\" >\n\t\t\t\t\t\t<span itemprop='name'>bosalrs<\/span>\n\t\t\t\t\t\t<span itemprop='logo' itemscope itemtype='https:\/\/schema.org\/ImageObject'>\n\t\t\t\t\t\t\t<span itemprop='url'>https:\/\/www.bosal.rs\/rs\/wp-content\/uploads\/2017\/08\/logo-bosal-final-2017.png<\/span>\n\t\t\t\t\t\t <\/span>\n\t\t\t\t<\/span><span class='av-structured-data'  itemprop=\"author\" itemscope=\"itemscope\" itemtype=\"https:\/\/schema.org\/Person\" ><span itemprop='name'>bosalrs<\/span><\/span><span class='av-structured-data'  itemprop=\"datePublished\" datetime=\"2017-07-04T07:22:34+01:00\" >2025-04-11 09:48:08<\/span><span class='av-structured-data'  itemprop=\"dateModified\" itemtype=\"https:\/\/schema.org\/dateModified\" >2025-05-21 05:11:57<\/span><span class='av-structured-data'  itemprop=\"mainEntityOfPage\" itemtype=\"https:\/\/schema.org\/mainEntityOfPage\" ><span itemprop='name'>Sigurnosna vrata za Sakura Park<\/span><\/span><\/span><\/article><article class='slide-entry flex_column  post-entry post-entry-4866 slide-entry-overview slide-loop-6 slide-parity-even  av_one_half  real-thumbnail post-format-standard'  itemscope=\"itemscope\" itemtype=\"https:\/\/schema.org\/BlogPosting\" itemprop=\"blogPost\" ><a href='https:\/\/www.bosal.rs\/rs\/sigurnosna-vrata-za-erker-zgradu\/' data-rel='slide-1' class='slide-image' title='Sigurnosna vrata za &#8222;Erker&#8220; zgradu u Novom Sadu'><img width=\"495\" height=\"400\" src=\"https:\/\/www.bosal.rs\/rs\/wp-content\/uploads\/2025\/03\/erker-bosal-fb-495x400.jpg\" class=\"wp-image-4874 avia-img-lazy-loading-not-4874 attachment-portfolio size-portfolio wp-post-image\" alt=\"\" srcset=\"https:\/\/www.bosal.rs\/rs\/wp-content\/uploads\/2025\/03\/erker-bosal-fb-495x400.jpg 495w, https:\/\/www.bosal.rs\/rs\/wp-content\/uploads\/2025\/03\/erker-bosal-fb-845x684.jpg 845w\" sizes=\"(max-width: 495px) 100vw, 495px\" \/><\/a><div class=\"slide-content\"><header class=\"entry-content-header\"><h3 class='slide-entry-title entry-title '  itemprop=\"headline\" ><a href='https:\/\/www.bosal.rs\/rs\/sigurnosna-vrata-za-erker-zgradu\/' title='Sigurnosna vrata za &#8222;Erker&#8220; zgradu u Novom Sadu'>Sigurnosna vrata za &#8222;Erker&#8220; zgradu u Novom Sadu<\/a><\/h3><span class=\"blog-categories minor-meta\"><a href=\"https:\/\/www.bosal.rs\/rs\/category\/sigurnosna-vrata\/classic-model\/\" rel=\"tag\">CLASSIC model<\/a>, <a href=\"https:\/\/www.bosal.rs\/rs\/category\/lux-model\/\" rel=\"tag\">LUX model<\/a>, <a href=\"https:\/\/www.bosal.rs\/rs\/category\/sigurnosna-vrata\/\" rel=\"tag\">Sigurnosna vrata<\/a> <\/span><span class=\"av-vertical-delimiter\"><\/span><\/header><div class='slide-entry-excerpt entry-content'  itemprop=\"text\" >\n\n<\/div><\/div><footer class=\"entry-footer\"><div class=\"slide-meta\"><time class='slide-meta-time updated'  itemprop=\"datePublished\" datetime=\"2025-03-10T05:15:41+01:00\" >10 marta, 2025<\/time><\/div><\/footer><span class='hidden'>\n\t\t\t\t<span class='av-structured-data'  itemprop=\"image\" itemscope=\"itemscope\" itemtype=\"https:\/\/schema.org\/ImageObject\" >\n\t\t\t\t\t\t<span itemprop='url'>https:\/\/www.bosal.rs\/rs\/wp-content\/uploads\/2025\/03\/erker-bosal-fb.jpg<\/span>\n\t\t\t\t\t\t<span itemprop='height'>1000<\/span>\n\t\t\t\t\t\t<span itemprop='width'>1000<\/span>\n\t\t\t\t<\/span>\n\t\t\t\t<span class='av-structured-data'  itemprop=\"publisher\" itemtype=\"https:\/\/schema.org\/Organization\" itemscope=\"itemscope\" >\n\t\t\t\t\t\t<span itemprop='name'>bosalrs<\/span>\n\t\t\t\t\t\t<span itemprop='logo' itemscope itemtype='https:\/\/schema.org\/ImageObject'>\n\t\t\t\t\t\t\t<span itemprop='url'>https:\/\/www.bosal.rs\/rs\/wp-content\/uploads\/2017\/08\/logo-bosal-final-2017.png<\/span>\n\t\t\t\t\t\t <\/span>\n\t\t\t\t<\/span><span class='av-structured-data'  itemprop=\"author\" itemscope=\"itemscope\" itemtype=\"https:\/\/schema.org\/Person\" ><span itemprop='name'>bosalrs<\/span><\/span><span class='av-structured-data'  itemprop=\"datePublished\" datetime=\"2017-07-04T07:22:34+01:00\" >2025-03-10 05:15:41<\/span><span class='av-structured-data'  itemprop=\"dateModified\" itemtype=\"https:\/\/schema.org\/dateModified\" >2025-03-10 20:21:41<\/span><span class='av-structured-data'  itemprop=\"mainEntityOfPage\" itemtype=\"https:\/\/schema.org\/mainEntityOfPage\" ><span itemprop='name'>Sigurnosna vrata za &#8222;Erker&#8220; zgradu u Novom Sadu<\/span><\/span><\/span><\/article><\/div><div class=\"slide-entry-wrap\"><article class='slide-entry flex_column  post-entry post-entry-4833 slide-entry-overview slide-loop-7 slide-parity-odd  av_one_half first real-thumbnail post-format-standard'  itemscope=\"itemscope\" itemtype=\"https:\/\/schema.org\/BlogPosting\" itemprop=\"blogPost\" ><a href='https:\/\/www.bosal.rs\/rs\/sigurnosna-vrata-za-zgradu-u-starca-vujadina\/' data-rel='slide-1' class='slide-image' title='Sigurnosna vrata za zgradu u Starca Vujadina'><img width=\"495\" height=\"400\" src=\"https:\/\/www.bosal.rs\/rs\/wp-content\/uploads\/2025\/02\/Starca-Vujadina-fb-495x400.png\" class=\"wp-image-4843 avia-img-lazy-loading-not-4843 attachment-portfolio size-portfolio wp-post-image\" alt=\"\" srcset=\"https:\/\/www.bosal.rs\/rs\/wp-content\/uploads\/2025\/02\/Starca-Vujadina-fb-495x400.png 495w, https:\/\/www.bosal.rs\/rs\/wp-content\/uploads\/2025\/02\/Starca-Vujadina-fb-845x684.png 845w\" sizes=\"(max-width: 495px) 100vw, 495px\" \/><\/a><div class=\"slide-content\"><header class=\"entry-content-header\"><h3 class='slide-entry-title entry-title '  itemprop=\"headline\" ><a href='https:\/\/www.bosal.rs\/rs\/sigurnosna-vrata-za-zgradu-u-starca-vujadina\/' title='Sigurnosna vrata za zgradu u Starca Vujadina'>Sigurnosna vrata za zgradu u Starca Vujadina<\/a><\/h3><span class=\"blog-categories minor-meta\"><a href=\"https:\/\/www.bosal.rs\/rs\/category\/sigurnosna-vrata\/\" rel=\"tag\">Sigurnosna vrata<\/a> <\/span><span class=\"av-vertical-delimiter\"><\/span><\/header><div class='slide-entry-excerpt entry-content'  itemprop=\"text\" >\n\n<\/div><\/div><footer class=\"entry-footer\"><div class=\"slide-meta\"><time class='slide-meta-time updated'  itemprop=\"datePublished\" datetime=\"2025-02-07T06:18:12+01:00\" >7 februara, 2025<\/time><\/div><\/footer><span class='hidden'>\n\t\t\t\t<span class='av-structured-data'  itemprop=\"image\" itemscope=\"itemscope\" itemtype=\"https:\/\/schema.org\/ImageObject\" >\n\t\t\t\t\t\t<span itemprop='url'>https:\/\/www.bosal.rs\/rs\/wp-content\/uploads\/2025\/02\/Starca-Vujadina-fb.png<\/span>\n\t\t\t\t\t\t<span itemprop='height'>1000<\/span>\n\t\t\t\t\t\t<span itemprop='width'>1000<\/span>\n\t\t\t\t<\/span>\n\t\t\t\t<span class='av-structured-data'  itemprop=\"publisher\" itemtype=\"https:\/\/schema.org\/Organization\" itemscope=\"itemscope\" >\n\t\t\t\t\t\t<span itemprop='name'>bosalrs<\/span>\n\t\t\t\t\t\t<span itemprop='logo' itemscope itemtype='https:\/\/schema.org\/ImageObject'>\n\t\t\t\t\t\t\t<span itemprop='url'>https:\/\/www.bosal.rs\/rs\/wp-content\/uploads\/2017\/08\/logo-bosal-final-2017.png<\/span>\n\t\t\t\t\t\t <\/span>\n\t\t\t\t<\/span><span class='av-structured-data'  itemprop=\"author\" itemscope=\"itemscope\" itemtype=\"https:\/\/schema.org\/Person\" ><span itemprop='name'>bosalrs<\/span><\/span><span class='av-structured-data'  itemprop=\"datePublished\" datetime=\"2017-07-04T07:22:34+01:00\" >2025-02-07 06:18:12<\/span><span class='av-structured-data'  itemprop=\"dateModified\" itemtype=\"https:\/\/schema.org\/dateModified\" >2025-02-07 06:18:16<\/span><span class='av-structured-data'  itemprop=\"mainEntityOfPage\" itemtype=\"https:\/\/schema.org\/mainEntityOfPage\" ><span itemprop='name'>Sigurnosna vrata za zgradu u Starca Vujadina<\/span><\/span><\/span><\/article><article class='slide-entry flex_column  post-entry post-entry-4733 slide-entry-overview slide-loop-8 slide-parity-even  av_one_half  real-thumbnail post-format-standard'  itemscope=\"itemscope\" itemtype=\"https:\/\/schema.org\/BlogPosting\" itemprop=\"blogPost\" ><a href='https:\/\/www.bosal.rs\/rs\/sigurnosna-vrata-za-kennedy-residence\/' data-rel='slide-1' class='slide-image' title='Sigurnosna vrata za Kennedy Residence'><img width=\"495\" height=\"400\" src=\"https:\/\/www.bosal.rs\/rs\/wp-content\/uploads\/2024\/12\/Kenedi-1-495x400.jpg\" class=\"wp-image-4735 avia-img-lazy-loading-not-4735 attachment-portfolio size-portfolio wp-post-image\" alt=\"\" srcset=\"https:\/\/www.bosal.rs\/rs\/wp-content\/uploads\/2024\/12\/Kenedi-1-495x400.jpg 495w, https:\/\/www.bosal.rs\/rs\/wp-content\/uploads\/2024\/12\/Kenedi-1-845x684.jpg 845w\" sizes=\"(max-width: 495px) 100vw, 495px\" \/><\/a><div class=\"slide-content\"><header class=\"entry-content-header\"><h3 class='slide-entry-title entry-title '  itemprop=\"headline\" ><a href='https:\/\/www.bosal.rs\/rs\/sigurnosna-vrata-za-kennedy-residence\/' title='Sigurnosna vrata za Kennedy Residence'>Sigurnosna vrata za Kennedy Residence<\/a><\/h3><span class=\"blog-categories minor-meta\"><a href=\"https:\/\/www.bosal.rs\/rs\/category\/sigurnosna-vrata\/\" rel=\"tag\">Sigurnosna vrata<\/a> <\/span><span class=\"av-vertical-delimiter\"><\/span><\/header><div class='slide-entry-excerpt entry-content'  itemprop=\"text\" >\n\n<\/div><\/div><footer class=\"entry-footer\"><div class=\"slide-meta\"><time class='slide-meta-time updated'  itemprop=\"datePublished\" datetime=\"2024-12-31T07:16:45+01:00\" >31 decembra, 2024<\/time><\/div><\/footer><span class='hidden'>\n\t\t\t\t<span class='av-structured-data'  itemprop=\"image\" itemscope=\"itemscope\" itemtype=\"https:\/\/schema.org\/ImageObject\" >\n\t\t\t\t\t\t<span itemprop='url'>https:\/\/www.bosal.rs\/rs\/wp-content\/uploads\/2024\/12\/Kenedi-1.jpg<\/span>\n\t\t\t\t\t\t<span itemprop='height'>1000<\/span>\n\t\t\t\t\t\t<span itemprop='width'>1000<\/span>\n\t\t\t\t<\/span>\n\t\t\t\t<span class='av-structured-data'  itemprop=\"publisher\" itemtype=\"https:\/\/schema.org\/Organization\" itemscope=\"itemscope\" >\n\t\t\t\t\t\t<span itemprop='name'>bosalrs<\/span>\n\t\t\t\t\t\t<span itemprop='logo' itemscope itemtype='https:\/\/schema.org\/ImageObject'>\n\t\t\t\t\t\t\t<span itemprop='url'>https:\/\/www.bosal.rs\/rs\/wp-content\/uploads\/2017\/08\/logo-bosal-final-2017.png<\/span>\n\t\t\t\t\t\t <\/span>\n\t\t\t\t<\/span><span class='av-structured-data'  itemprop=\"author\" itemscope=\"itemscope\" itemtype=\"https:\/\/schema.org\/Person\" ><span itemprop='name'>bosalrs<\/span><\/span><span class='av-structured-data'  itemprop=\"datePublished\" datetime=\"2017-07-04T07:22:34+01:00\" >2024-12-31 07:16:45<\/span><span class='av-structured-data'  itemprop=\"dateModified\" itemtype=\"https:\/\/schema.org\/dateModified\" >2024-12-31 07:17:41<\/span><span class='av-structured-data'  itemprop=\"mainEntityOfPage\" itemtype=\"https:\/\/schema.org\/mainEntityOfPage\" ><span itemprop='name'>Sigurnosna vrata za Kennedy Residence<\/span><\/span><\/span><\/article><\/div><div class=\"slide-entry-wrap\"><article class='slide-entry flex_column  post-entry post-entry-4695 slide-entry-overview slide-loop-9 slide-parity-odd  av_one_half first real-thumbnail post-format-standard'  itemscope=\"itemscope\" itemtype=\"https:\/\/schema.org\/BlogPosting\" itemprop=\"blogPost\" ><a href='https:\/\/www.bosal.rs\/rs\/sigurnosna-i-sobna-vrata-za-novogradnju-na-zvezdari\/' data-rel='slide-1' class='slide-image' title='Sigurnosna i sobna vrata za novogradnju na Zvezdari'><img width=\"495\" height=\"400\" src=\"https:\/\/www.bosal.rs\/rs\/wp-content\/uploads\/2024\/12\/Urosa-Trojanovica-1-495x400.jpg\" class=\"wp-image-4700 avia-img-lazy-loading-not-4700 attachment-portfolio size-portfolio wp-post-image\" alt=\"\" \/><\/a><div class=\"slide-content\"><header class=\"entry-content-header\"><h3 class='slide-entry-title entry-title '  itemprop=\"headline\" ><a href='https:\/\/www.bosal.rs\/rs\/sigurnosna-i-sobna-vrata-za-novogradnju-na-zvezdari\/' title='Sigurnosna i sobna vrata za novogradnju na Zvezdari'>Sigurnosna i sobna vrata za novogradnju na Zvezdari<\/a><\/h3><span class=\"blog-categories minor-meta\"><a href=\"https:\/\/www.bosal.rs\/rs\/category\/sigurnosna-vrata\/\" rel=\"tag\">Sigurnosna vrata<\/a>, <a href=\"https:\/\/www.bosal.rs\/rs\/category\/sobna-vrata\/\" rel=\"tag\">Sobna vrata<\/a> <\/span><span class=\"av-vertical-delimiter\"><\/span><\/header><div class='slide-entry-excerpt entry-content'  itemprop=\"text\" >\n\n<\/div><\/div><footer class=\"entry-footer\"><div class=\"slide-meta\"><time class='slide-meta-time updated'  itemprop=\"datePublished\" datetime=\"2024-12-09T04:05:00+01:00\" >9 decembra, 2024<\/time><\/div><\/footer><span class='hidden'>\n\t\t\t\t<span class='av-structured-data'  itemprop=\"image\" itemscope=\"itemscope\" itemtype=\"https:\/\/schema.org\/ImageObject\" >\n\t\t\t\t\t\t<span itemprop='url'>https:\/\/www.bosal.rs\/rs\/wp-content\/uploads\/2024\/12\/Urosa-Trojanovica-1.jpg<\/span>\n\t\t\t\t\t\t<span itemprop='height'>610<\/span>\n\t\t\t\t\t\t<span itemprop='width'>900<\/span>\n\t\t\t\t<\/span>\n\t\t\t\t<span class='av-structured-data'  itemprop=\"publisher\" itemtype=\"https:\/\/schema.org\/Organization\" itemscope=\"itemscope\" >\n\t\t\t\t\t\t<span itemprop='name'>bosalrs<\/span>\n\t\t\t\t\t\t<span itemprop='logo' itemscope itemtype='https:\/\/schema.org\/ImageObject'>\n\t\t\t\t\t\t\t<span itemprop='url'>https:\/\/www.bosal.rs\/rs\/wp-content\/uploads\/2017\/08\/logo-bosal-final-2017.png<\/span>\n\t\t\t\t\t\t <\/span>\n\t\t\t\t<\/span><span class='av-structured-data'  itemprop=\"author\" itemscope=\"itemscope\" itemtype=\"https:\/\/schema.org\/Person\" ><span itemprop='name'>bosalrs<\/span><\/span><span class='av-structured-data'  itemprop=\"datePublished\" datetime=\"2017-07-04T07:22:34+01:00\" >2024-12-09 04:05:00<\/span><span class='av-structured-data'  itemprop=\"dateModified\" itemtype=\"https:\/\/schema.org\/dateModified\" >2024-12-09 04:08:46<\/span><span class='av-structured-data'  itemprop=\"mainEntityOfPage\" itemtype=\"https:\/\/schema.org\/mainEntityOfPage\" ><span itemprop='name'>Sigurnosna i sobna vrata za novogradnju na Zvezdari<\/span><\/span><\/span><\/article><article class='slide-entry flex_column  post-entry post-entry-4683 slide-entry-overview slide-loop-10 slide-parity-even  av_one_half  real-thumbnail post-format-standard'  itemscope=\"itemscope\" itemtype=\"https:\/\/schema.org\/BlogPosting\" itemprop=\"blogPost\" ><a href='https:\/\/www.bosal.rs\/rs\/lux-model-sigurnosnih-vrata-za-sun-city\/' data-rel='slide-1' class='slide-image' title='BOSAL LUX model sigurnosnih vrata za Sun City'><img width=\"495\" height=\"400\" src=\"https:\/\/www.bosal.rs\/rs\/wp-content\/uploads\/2024\/11\/sun-city-3-495x400.jpg\" class=\"wp-image-4687 avia-img-lazy-loading-not-4687 attachment-portfolio size-portfolio wp-post-image\" alt=\"\" srcset=\"https:\/\/www.bosal.rs\/rs\/wp-content\/uploads\/2024\/11\/sun-city-3-495x400.jpg 495w, https:\/\/www.bosal.rs\/rs\/wp-content\/uploads\/2024\/11\/sun-city-3-845x684.jpg 845w\" sizes=\"(max-width: 495px) 100vw, 495px\" \/><\/a><div class=\"slide-content\"><header class=\"entry-content-header\"><h3 class='slide-entry-title entry-title '  itemprop=\"headline\" ><a href='https:\/\/www.bosal.rs\/rs\/lux-model-sigurnosnih-vrata-za-sun-city\/' title='BOSAL LUX model sigurnosnih vrata za Sun City'>BOSAL LUX model sigurnosnih vrata za Sun City<\/a><\/h3><span class=\"blog-categories minor-meta\"><a href=\"https:\/\/www.bosal.rs\/rs\/category\/lux-model\/\" rel=\"tag\">LUX model<\/a>, <a href=\"https:\/\/www.bosal.rs\/rs\/category\/sigurnosna-vrata\/\" rel=\"tag\">Sigurnosna vrata<\/a> <\/span><span class=\"av-vertical-delimiter\"><\/span><\/header><div class='slide-entry-excerpt entry-content'  itemprop=\"text\" >\n\n<\/div><\/div><footer class=\"entry-footer\"><div class=\"slide-meta\"><time class='slide-meta-time updated'  itemprop=\"datePublished\" datetime=\"2024-11-12T06:46:59+01:00\" >12 novembra, 2024<\/time><\/div><\/footer><span class='hidden'>\n\t\t\t\t<span class='av-structured-data'  itemprop=\"image\" itemscope=\"itemscope\" itemtype=\"https:\/\/schema.org\/ImageObject\" >\n\t\t\t\t\t\t<span itemprop='url'>https:\/\/www.bosal.rs\/rs\/wp-content\/uploads\/2024\/11\/sun-city-3.jpg<\/span>\n\t\t\t\t\t\t<span itemprop='height'>1173<\/span>\n\t\t\t\t\t\t<span itemprop='width'>1920<\/span>\n\t\t\t\t<\/span>\n\t\t\t\t<span class='av-structured-data'  itemprop=\"publisher\" itemtype=\"https:\/\/schema.org\/Organization\" itemscope=\"itemscope\" >\n\t\t\t\t\t\t<span itemprop='name'>bosalrs<\/span>\n\t\t\t\t\t\t<span itemprop='logo' itemscope itemtype='https:\/\/schema.org\/ImageObject'>\n\t\t\t\t\t\t\t<span itemprop='url'>https:\/\/www.bosal.rs\/rs\/wp-content\/uploads\/2017\/08\/logo-bosal-final-2017.png<\/span>\n\t\t\t\t\t\t <\/span>\n\t\t\t\t<\/span><span class='av-structured-data'  itemprop=\"author\" itemscope=\"itemscope\" itemtype=\"https:\/\/schema.org\/Person\" ><span itemprop='name'>bosalrs<\/span><\/span><span class='av-structured-data'  itemprop=\"datePublished\" datetime=\"2017-07-04T07:22:34+01:00\" >2024-11-12 06:46:59<\/span><span class='av-structured-data'  itemprop=\"dateModified\" itemtype=\"https:\/\/schema.org\/dateModified\" >2024-11-12 06:48:15<\/span><span class='av-structured-data'  itemprop=\"mainEntityOfPage\" itemtype=\"https:\/\/schema.org\/mainEntityOfPage\" ><span itemprop='name'>BOSAL LUX model sigurnosnih vrata za Sun City<\/span><\/span><\/span><\/article><\/div><div class=\"slide-entry-wrap\"><article class='slide-entry flex_column  post-entry post-entry-4445 slide-entry-overview slide-loop-11 slide-parity-odd  av_one_half first real-thumbnail post-format-standard'  itemscope=\"itemscope\" itemtype=\"https:\/\/schema.org\/BlogPosting\" itemprop=\"blogPost\" ><a href='https:\/\/www.bosal.rs\/rs\/sigurnosna-vrata-za-city-residence-vracar\/' data-rel='slide-1' class='slide-image' title='Sigurnosna vrata, prozori i brisoleji za City Residence Vra\u010dar'><img width=\"495\" height=\"400\" src=\"https:\/\/www.bosal.rs\/rs\/wp-content\/uploads\/2024\/10\/GOSPODARA-VUCICA-1-16-495x400.jpg\" class=\"wp-image-4454 avia-img-lazy-loading-not-4454 attachment-portfolio size-portfolio wp-post-image\" alt=\"\" srcset=\"https:\/\/www.bosal.rs\/rs\/wp-content\/uploads\/2024\/10\/GOSPODARA-VUCICA-1-16-495x400.jpg 495w, https:\/\/www.bosal.rs\/rs\/wp-content\/uploads\/2024\/10\/GOSPODARA-VUCICA-1-16-845x684.jpg 845w\" sizes=\"(max-width: 495px) 100vw, 495px\" \/><\/a><div class=\"slide-content\"><header class=\"entry-content-header\"><h3 class='slide-entry-title entry-title '  itemprop=\"headline\" ><a href='https:\/\/www.bosal.rs\/rs\/sigurnosna-vrata-za-city-residence-vracar\/' title='Sigurnosna vrata, prozori i brisoleji za City Residence Vra\u010dar'>Sigurnosna vrata, prozori i brisoleji za City Residence Vra\u010dar<\/a><\/h3><span class=\"blog-categories minor-meta\"><a href=\"https:\/\/www.bosal.rs\/rs\/category\/alu-stolarija\/\" rel=\"tag\">ALU stolarija<\/a>, <a href=\"https:\/\/www.bosal.rs\/rs\/category\/lux-model\/\" rel=\"tag\">LUX model<\/a>, <a href=\"https:\/\/www.bosal.rs\/rs\/category\/sigurnosna-vrata\/\" rel=\"tag\">Sigurnosna vrata<\/a>, <a href=\"https:\/\/www.bosal.rs\/rs\/category\/stolarija\/\" rel=\"tag\">Stolarija<\/a> <\/span><span class=\"av-vertical-delimiter\"><\/span><\/header><div class='slide-entry-excerpt entry-content'  itemprop=\"text\" >\n\n<\/div><\/div><footer class=\"entry-footer\"><div class=\"slide-meta\"><time class='slide-meta-time updated'  itemprop=\"datePublished\" datetime=\"2024-10-14T06:54:04+01:00\" >14 oktobra, 2024<\/time><\/div><\/footer><span class='hidden'>\n\t\t\t\t<span class='av-structured-data'  itemprop=\"image\" itemscope=\"itemscope\" itemtype=\"https:\/\/schema.org\/ImageObject\" >\n\t\t\t\t\t\t<span itemprop='url'>https:\/\/www.bosal.rs\/rs\/wp-content\/uploads\/2024\/10\/GOSPODARA-VUCICA-1-16.jpg<\/span>\n\t\t\t\t\t\t<span itemprop='height'>1303<\/span>\n\t\t\t\t\t\t<span itemprop='width'>1920<\/span>\n\t\t\t\t<\/span>\n\t\t\t\t<span class='av-structured-data'  itemprop=\"publisher\" itemtype=\"https:\/\/schema.org\/Organization\" itemscope=\"itemscope\" >\n\t\t\t\t\t\t<span itemprop='name'>bosalrs<\/span>\n\t\t\t\t\t\t<span itemprop='logo' itemscope itemtype='https:\/\/schema.org\/ImageObject'>\n\t\t\t\t\t\t\t<span itemprop='url'>https:\/\/www.bosal.rs\/rs\/wp-content\/uploads\/2017\/08\/logo-bosal-final-2017.png<\/span>\n\t\t\t\t\t\t <\/span>\n\t\t\t\t<\/span><span class='av-structured-data'  itemprop=\"author\" itemscope=\"itemscope\" itemtype=\"https:\/\/schema.org\/Person\" ><span itemprop='name'>bosalrs<\/span><\/span><span class='av-structured-data'  itemprop=\"datePublished\" datetime=\"2017-07-04T07:22:34+01:00\" >2024-10-14 06:54:04<\/span><span class='av-structured-data'  itemprop=\"dateModified\" itemtype=\"https:\/\/schema.org\/dateModified\" >2024-10-14 06:54:08<\/span><span class='av-structured-data'  itemprop=\"mainEntityOfPage\" itemtype=\"https:\/\/schema.org\/mainEntityOfPage\" ><span itemprop='name'>Sigurnosna vrata, prozori i brisoleji za City Residence Vra\u010dar<\/span><\/span><\/span><\/article><article class='slide-entry flex_column  post-entry post-entry-4386 slide-entry-overview slide-loop-12 slide-parity-even  av_one_half  real-thumbnail post-format-standard'  itemscope=\"itemscope\" itemtype=\"https:\/\/schema.org\/BlogPosting\" itemprop=\"blogPost\" ><a href='https:\/\/www.bosal.rs\/rs\/sigurnosna-vrata-za-blok-32\/' data-rel='slide-1' class='slide-image' title='Sigurnosna vrata za \u201cBlok 32\u201d'><img width=\"495\" height=\"400\" src=\"https:\/\/www.bosal.rs\/rs\/wp-content\/uploads\/2024\/09\/BOSAL-Blok-32-495x400.jpg\" class=\"wp-image-4389 avia-img-lazy-loading-not-4389 attachment-portfolio size-portfolio wp-post-image\" alt=\"\" srcset=\"https:\/\/www.bosal.rs\/rs\/wp-content\/uploads\/2024\/09\/BOSAL-Blok-32-495x400.jpg 495w, https:\/\/www.bosal.rs\/rs\/wp-content\/uploads\/2024\/09\/BOSAL-Blok-32-845x684.jpg 845w\" sizes=\"(max-width: 495px) 100vw, 495px\" \/><\/a><div class=\"slide-content\"><header class=\"entry-content-header\"><h3 class='slide-entry-title entry-title '  itemprop=\"headline\" ><a href='https:\/\/www.bosal.rs\/rs\/sigurnosna-vrata-za-blok-32\/' title='Sigurnosna vrata za \u201cBlok 32\u201d'>Sigurnosna vrata za \u201cBlok 32\u201d<\/a><\/h3><span class=\"blog-categories minor-meta\"><a href=\"https:\/\/www.bosal.rs\/rs\/category\/lux-model\/\" rel=\"tag\">LUX model<\/a>, <a href=\"https:\/\/www.bosal.rs\/rs\/category\/sigurnosna-vrata\/\" rel=\"tag\">Sigurnosna vrata<\/a> <\/span><span class=\"av-vertical-delimiter\"><\/span><\/header><div class='slide-entry-excerpt entry-content'  itemprop=\"text\" >\n\n<\/div><\/div><footer class=\"entry-footer\"><div class=\"slide-meta\"><time class='slide-meta-time updated'  itemprop=\"datePublished\" datetime=\"2024-09-02T08:55:39+01:00\" >2 septembra, 2024<\/time><\/div><\/footer><span class='hidden'>\n\t\t\t\t<span class='av-structured-data'  itemprop=\"image\" itemscope=\"itemscope\" itemtype=\"https:\/\/schema.org\/ImageObject\" >\n\t\t\t\t\t\t<span itemprop='url'>https:\/\/www.bosal.rs\/rs\/wp-content\/uploads\/2024\/09\/BOSAL-Blok-32.jpg<\/span>\n\t\t\t\t\t\t<span itemprop='height'>697<\/span>\n\t\t\t\t\t\t<span itemprop='width'>1200<\/span>\n\t\t\t\t<\/span>\n\t\t\t\t<span class='av-structured-data'  itemprop=\"publisher\" itemtype=\"https:\/\/schema.org\/Organization\" itemscope=\"itemscope\" >\n\t\t\t\t\t\t<span itemprop='name'>bosalrs<\/span>\n\t\t\t\t\t\t<span itemprop='logo' itemscope itemtype='https:\/\/schema.org\/ImageObject'>\n\t\t\t\t\t\t\t<span itemprop='url'>https:\/\/www.bosal.rs\/rs\/wp-content\/uploads\/2017\/08\/logo-bosal-final-2017.png<\/span>\n\t\t\t\t\t\t <\/span>\n\t\t\t\t<\/span><span class='av-structured-data'  itemprop=\"author\" itemscope=\"itemscope\" itemtype=\"https:\/\/schema.org\/Person\" ><span itemprop='name'>bosalrs<\/span><\/span><span class='av-structured-data'  itemprop=\"datePublished\" datetime=\"2017-07-04T07:22:34+01:00\" >2024-09-02 08:55:39<\/span><span class='av-structured-data'  itemprop=\"dateModified\" itemtype=\"https:\/\/schema.org\/dateModified\" >2024-09-02 08:55:43<\/span><span class='av-structured-data'  itemprop=\"mainEntityOfPage\" itemtype=\"https:\/\/schema.org\/mainEntityOfPage\" ><span itemprop='name'>Sigurnosna vrata za \u201cBlok 32\u201d<\/span><\/span><\/span><\/article><\/div><div class=\"slide-entry-wrap\"><article class='slide-entry flex_column  post-entry post-entry-4374 slide-entry-overview slide-loop-13 slide-parity-odd  av_one_half first real-thumbnail post-format-standard'  itemscope=\"itemscope\" itemtype=\"https:\/\/schema.org\/BlogPosting\" itemprop=\"blogPost\" ><a href='https:\/\/www.bosal.rs\/rs\/sigurnosna-vrata-za-kulu-west-65\/' data-rel='slide-1' class='slide-image' title='Sigurnosna vrata za Kulu West 65'><img width=\"495\" height=\"400\" src=\"https:\/\/www.bosal.rs\/rs\/wp-content\/uploads\/2024\/07\/West-65-9c-495x400.jpg\" class=\"wp-image-4382 avia-img-lazy-loading-not-4382 attachment-portfolio size-portfolio wp-post-image\" alt=\"\" \/><\/a><div class=\"slide-content\"><header class=\"entry-content-header\"><h3 class='slide-entry-title entry-title '  itemprop=\"headline\" ><a href='https:\/\/www.bosal.rs\/rs\/sigurnosna-vrata-za-kulu-west-65\/' title='Sigurnosna vrata za Kulu West 65'>Sigurnosna vrata za Kulu West 65<\/a><\/h3><span class=\"blog-categories minor-meta\"><a href=\"https:\/\/www.bosal.rs\/rs\/category\/lux-model\/\" rel=\"tag\">LUX model<\/a>, <a href=\"https:\/\/www.bosal.rs\/rs\/category\/sigurnosna-vrata\/\" rel=\"tag\">Sigurnosna vrata<\/a> <\/span><span class=\"av-vertical-delimiter\"><\/span><\/header><div class='slide-entry-excerpt entry-content'  itemprop=\"text\" >\n\n<\/div><\/div><footer class=\"entry-footer\"><div class=\"slide-meta\"><time class='slide-meta-time updated'  itemprop=\"datePublished\" datetime=\"2024-07-29T19:51:01+01:00\" >29 jula, 2024<\/time><\/div><\/footer><span class='hidden'>\n\t\t\t\t<span class='av-structured-data'  itemprop=\"image\" itemscope=\"itemscope\" itemtype=\"https:\/\/schema.org\/ImageObject\" >\n\t\t\t\t\t\t<span itemprop='url'>https:\/\/www.bosal.rs\/rs\/wp-content\/uploads\/2024\/07\/West-65-9c.jpg<\/span>\n\t\t\t\t\t\t<span itemprop='height'>900<\/span>\n\t\t\t\t\t\t<span itemprop='width'>600<\/span>\n\t\t\t\t<\/span>\n\t\t\t\t<span class='av-structured-data'  itemprop=\"publisher\" itemtype=\"https:\/\/schema.org\/Organization\" itemscope=\"itemscope\" >\n\t\t\t\t\t\t<span itemprop='name'>bosalrs<\/span>\n\t\t\t\t\t\t<span itemprop='logo' itemscope itemtype='https:\/\/schema.org\/ImageObject'>\n\t\t\t\t\t\t\t<span itemprop='url'>https:\/\/www.bosal.rs\/rs\/wp-content\/uploads\/2017\/08\/logo-bosal-final-2017.png<\/span>\n\t\t\t\t\t\t <\/span>\n\t\t\t\t<\/span><span class='av-structured-data'  itemprop=\"author\" itemscope=\"itemscope\" itemtype=\"https:\/\/schema.org\/Person\" ><span itemprop='name'>bosalrs<\/span><\/span><span class='av-structured-data'  itemprop=\"datePublished\" datetime=\"2017-07-04T07:22:34+01:00\" >2024-07-29 19:51:01<\/span><span class='av-structured-data'  itemprop=\"dateModified\" itemtype=\"https:\/\/schema.org\/dateModified\" >2024-07-29 19:58:49<\/span><span class='av-structured-data'  itemprop=\"mainEntityOfPage\" itemtype=\"https:\/\/schema.org\/mainEntityOfPage\" ><span itemprop='name'>Sigurnosna vrata za Kulu West 65<\/span><\/span><\/span><\/article><article class='slide-entry flex_column  post-entry post-entry-4358 slide-entry-overview slide-loop-14 slide-parity-even  av_one_half  real-thumbnail post-format-standard'  itemscope=\"itemscope\" itemtype=\"https:\/\/schema.org\/BlogPosting\" itemprop=\"blogPost\" ><a href='https:\/\/www.bosal.rs\/rs\/sigurnosna-vrata-za-peticu-na-nbg\/' data-rel='slide-1' class='slide-image' title='Sigurnosna vrata za &#8222;PETICU&#8220; na NBG'><img width=\"495\" height=\"400\" src=\"https:\/\/www.bosal.rs\/rs\/wp-content\/uploads\/2024\/07\/Petica-2-495x400.jpg\" class=\"wp-image-4365 avia-img-lazy-loading-not-4365 attachment-portfolio size-portfolio wp-post-image\" alt=\"\" srcset=\"https:\/\/www.bosal.rs\/rs\/wp-content\/uploads\/2024\/07\/Petica-2-495x400.jpg 495w, https:\/\/www.bosal.rs\/rs\/wp-content\/uploads\/2024\/07\/Petica-2-845x684.jpg 845w\" sizes=\"(max-width: 495px) 100vw, 495px\" \/><\/a><div class=\"slide-content\"><header class=\"entry-content-header\"><h3 class='slide-entry-title entry-title '  itemprop=\"headline\" ><a href='https:\/\/www.bosal.rs\/rs\/sigurnosna-vrata-za-peticu-na-nbg\/' title='Sigurnosna vrata za &#8222;PETICU&#8220; na NBG'>Sigurnosna vrata za &#8222;PETICU&#8220; na NBG<\/a><\/h3><span class=\"blog-categories minor-meta\"><a href=\"https:\/\/www.bosal.rs\/rs\/category\/sigurnosna-vrata\/\" rel=\"tag\">Sigurnosna vrata<\/a> <\/span><span class=\"av-vertical-delimiter\"><\/span><\/header><div class='slide-entry-excerpt entry-content'  itemprop=\"text\" >\n\n<\/div><\/div><footer class=\"entry-footer\"><div class=\"slide-meta\"><time class='slide-meta-time updated'  itemprop=\"datePublished\" datetime=\"2024-06-30T09:39:00+01:00\" >30 juna, 2024<\/time><\/div><\/footer><span class='hidden'>\n\t\t\t\t<span class='av-structured-data'  itemprop=\"image\" itemscope=\"itemscope\" itemtype=\"https:\/\/schema.org\/ImageObject\" >\n\t\t\t\t\t\t<span itemprop='url'>https:\/\/www.bosal.rs\/rs\/wp-content\/uploads\/2024\/07\/Petica-2.jpg<\/span>\n\t\t\t\t\t\t<span itemprop='height'>800<\/span>\n\t\t\t\t\t\t<span itemprop='width'>1200<\/span>\n\t\t\t\t<\/span>\n\t\t\t\t<span class='av-structured-data'  itemprop=\"publisher\" itemtype=\"https:\/\/schema.org\/Organization\" itemscope=\"itemscope\" >\n\t\t\t\t\t\t<span itemprop='name'>bosalrs<\/span>\n\t\t\t\t\t\t<span itemprop='logo' itemscope itemtype='https:\/\/schema.org\/ImageObject'>\n\t\t\t\t\t\t\t<span itemprop='url'>https:\/\/www.bosal.rs\/rs\/wp-content\/uploads\/2017\/08\/logo-bosal-final-2017.png<\/span>\n\t\t\t\t\t\t <\/span>\n\t\t\t\t<\/span><span class='av-structured-data'  itemprop=\"author\" itemscope=\"itemscope\" itemtype=\"https:\/\/schema.org\/Person\" ><span itemprop='name'>bosalrs<\/span><\/span><span class='av-structured-data'  itemprop=\"datePublished\" datetime=\"2017-07-04T07:22:34+01:00\" >2024-06-30 09:39:00<\/span><span class='av-structured-data'  itemprop=\"dateModified\" itemtype=\"https:\/\/schema.org\/dateModified\" >2024-07-01 09:40:19<\/span><span class='av-structured-data'  itemprop=\"mainEntityOfPage\" itemtype=\"https:\/\/schema.org\/mainEntityOfPage\" ><span itemprop='name'>Sigurnosna vrata za &#8222;PETICU&#8220; na NBG<\/span><\/span><\/span><\/article><\/div><div class=\"slide-entry-wrap\"><article class='slide-entry flex_column  post-entry post-entry-4347 slide-entry-overview slide-loop-15 slide-parity-odd  av_one_half first real-thumbnail post-format-standard'  itemscope=\"itemscope\" itemtype=\"https:\/\/schema.org\/BlogPosting\" itemprop=\"blogPost\" ><a href='https:\/\/www.bosal.rs\/rs\/sigurnosna-vrata-za-zgradu-u-subotici\/' data-rel='slide-1' class='slide-image' title='Sigurnosna vrata za zgradu u Subotici'><img width=\"495\" height=\"400\" src=\"https:\/\/www.bosal.rs\/rs\/wp-content\/uploads\/2024\/05\/sigurnosna-vrata-subotica-3-495x400.jpg\" class=\"wp-image-4351 avia-img-lazy-loading-not-4351 attachment-portfolio size-portfolio wp-post-image\" alt=\"\" \/><\/a><div class=\"slide-content\"><header class=\"entry-content-header\"><h3 class='slide-entry-title entry-title '  itemprop=\"headline\" ><a href='https:\/\/www.bosal.rs\/rs\/sigurnosna-vrata-za-zgradu-u-subotici\/' title='Sigurnosna vrata za zgradu u Subotici'>Sigurnosna vrata za zgradu u Subotici<\/a><\/h3><span class=\"blog-categories minor-meta\"><a href=\"https:\/\/www.bosal.rs\/rs\/category\/sigurnosna-vrata\/\" rel=\"tag\">Sigurnosna vrata<\/a> <\/span><span class=\"av-vertical-delimiter\"><\/span><\/header><div class='slide-entry-excerpt entry-content'  itemprop=\"text\" >\n\n<\/div><\/div><footer class=\"entry-footer\"><div class=\"slide-meta\"><time class='slide-meta-time updated'  itemprop=\"datePublished\" datetime=\"2024-05-31T16:37:25+01:00\" >31 maja, 2024<\/time><\/div><\/footer><span class='hidden'>\n\t\t\t\t<span class='av-structured-data'  itemprop=\"image\" itemscope=\"itemscope\" itemtype=\"https:\/\/schema.org\/ImageObject\" >\n\t\t\t\t\t\t<span itemprop='url'>https:\/\/www.bosal.rs\/rs\/wp-content\/uploads\/2024\/05\/sigurnosna-vrata-subotica-3.jpg<\/span>\n\t\t\t\t\t\t<span itemprop='height'>600<\/span>\n\t\t\t\t\t\t<span itemprop='width'>900<\/span>\n\t\t\t\t<\/span>\n\t\t\t\t<span class='av-structured-data'  itemprop=\"publisher\" itemtype=\"https:\/\/schema.org\/Organization\" itemscope=\"itemscope\" >\n\t\t\t\t\t\t<span itemprop='name'>bosalrs<\/span>\n\t\t\t\t\t\t<span itemprop='logo' itemscope itemtype='https:\/\/schema.org\/ImageObject'>\n\t\t\t\t\t\t\t<span itemprop='url'>https:\/\/www.bosal.rs\/rs\/wp-content\/uploads\/2017\/08\/logo-bosal-final-2017.png<\/span>\n\t\t\t\t\t\t <\/span>\n\t\t\t\t<\/span><span class='av-structured-data'  itemprop=\"author\" itemscope=\"itemscope\" itemtype=\"https:\/\/schema.org\/Person\" ><span itemprop='name'>bosalrs<\/span><\/span><span class='av-structured-data'  itemprop=\"datePublished\" datetime=\"2017-07-04T07:22:34+01:00\" >2024-05-31 16:37:25<\/span><span class='av-structured-data'  itemprop=\"dateModified\" itemtype=\"https:\/\/schema.org\/dateModified\" >2024-05-31 16:37:56<\/span><span class='av-structured-data'  itemprop=\"mainEntityOfPage\" itemtype=\"https:\/\/schema.org\/mainEntityOfPage\" ><span itemprop='name'>Sigurnosna vrata za zgradu u Subotici<\/span><\/span><\/span><\/article><article class='slide-entry flex_column  post-entry post-entry-4268 slide-entry-overview slide-loop-16 slide-parity-even  av_one_half  real-thumbnail post-format-standard'  itemscope=\"itemscope\" itemtype=\"https:\/\/schema.org\/BlogPosting\" itemprop=\"blogPost\" ><a href='https:\/\/www.bosal.rs\/rs\/gj47-beograd-dorcol-sigurnosna-i-sobna-vrata\/' data-rel='slide-1' class='slide-image' title='GJ47 Beograd &#8211; Sigurnosna i sobna vrata'><img width=\"495\" height=\"400\" src=\"https:\/\/www.bosal.rs\/rs\/wp-content\/uploads\/2024\/04\/gj47-referenca-6-495x400.jpg\" class=\"wp-image-4276 avia-img-lazy-loading-not-4276 attachment-portfolio size-portfolio wp-post-image\" alt=\"\" \/><\/a><div class=\"slide-content\"><header class=\"entry-content-header\"><h3 class='slide-entry-title entry-title '  itemprop=\"headline\" ><a href='https:\/\/www.bosal.rs\/rs\/gj47-beograd-dorcol-sigurnosna-i-sobna-vrata\/' title='GJ47 Beograd &#8211; Sigurnosna i sobna vrata'>GJ47 Beograd &#8211; Sigurnosna i sobna vrata<\/a><\/h3><span class=\"blog-categories minor-meta\"><a href=\"https:\/\/www.bosal.rs\/rs\/category\/sigurnosna-vrata\/\" rel=\"tag\">Sigurnosna vrata<\/a>, <a href=\"https:\/\/www.bosal.rs\/rs\/category\/sobna-vrata\/\" rel=\"tag\">Sobna vrata<\/a> <\/span><span class=\"av-vertical-delimiter\"><\/span><\/header><div class='slide-entry-excerpt entry-content'  itemprop=\"text\" >\n\n<\/div><\/div><footer class=\"entry-footer\"><div class=\"slide-meta\"><time class='slide-meta-time updated'  itemprop=\"datePublished\" datetime=\"2024-04-30T07:13:50+01:00\" >30 aprila, 2024<\/time><\/div><\/footer><span class='hidden'>\n\t\t\t\t<span class='av-structured-data'  itemprop=\"image\" itemscope=\"itemscope\" itemtype=\"https:\/\/schema.org\/ImageObject\" >\n\t\t\t\t\t\t<span itemprop='url'>https:\/\/www.bosal.rs\/rs\/wp-content\/uploads\/2024\/04\/gj47-referenca-6.jpg<\/span>\n\t\t\t\t\t\t<span itemprop='height'>600<\/span>\n\t\t\t\t\t\t<span itemprop='width'>900<\/span>\n\t\t\t\t<\/span>\n\t\t\t\t<span class='av-structured-data'  itemprop=\"publisher\" itemtype=\"https:\/\/schema.org\/Organization\" itemscope=\"itemscope\" >\n\t\t\t\t\t\t<span itemprop='name'>bosalrs<\/span>\n\t\t\t\t\t\t<span itemprop='logo' itemscope itemtype='https:\/\/schema.org\/ImageObject'>\n\t\t\t\t\t\t\t<span itemprop='url'>https:\/\/www.bosal.rs\/rs\/wp-content\/uploads\/2017\/08\/logo-bosal-final-2017.png<\/span>\n\t\t\t\t\t\t <\/span>\n\t\t\t\t<\/span><span class='av-structured-data'  itemprop=\"author\" itemscope=\"itemscope\" itemtype=\"https:\/\/schema.org\/Person\" ><span itemprop='name'>bosalrs<\/span><\/span><span class='av-structured-data'  itemprop=\"datePublished\" datetime=\"2017-07-04T07:22:34+01:00\" >2024-04-30 07:13:50<\/span><span class='av-structured-data'  itemprop=\"dateModified\" itemtype=\"https:\/\/schema.org\/dateModified\" >2024-04-30 08:16:58<\/span><span class='av-structured-data'  itemprop=\"mainEntityOfPage\" itemtype=\"https:\/\/schema.org\/mainEntityOfPage\" ><span itemprop='name'>GJ47 Beograd &#8211; Sigurnosna i sobna vrata<\/span><\/span><\/span><\/article><\/div><div class=\"slide-entry-wrap\"><article class='slide-entry flex_column  post-entry post-entry-4237 slide-entry-overview slide-loop-17 slide-parity-odd  av_one_half first real-thumbnail post-format-standard'  itemscope=\"itemscope\" itemtype=\"https:\/\/schema.org\/BlogPosting\" itemprop=\"blogPost\" ><a href='https:\/\/www.bosal.rs\/rs\/a1-beograd-dorcol-sigurnosna-i-sobna-vrata\/' data-rel='slide-1' class='slide-image' title='A1 Beograd, Dor\u0107ol &#8211; Sigurnosna i sobna vrata'><img width=\"495\" height=\"400\" src=\"https:\/\/www.bosal.rs\/rs\/wp-content\/uploads\/2024\/04\/Cara-Urosa-67-8-495x400.jpg\" class=\"wp-image-4243 avia-img-lazy-loading-not-4243 attachment-portfolio size-portfolio wp-post-image\" alt=\"\" srcset=\"https:\/\/www.bosal.rs\/rs\/wp-content\/uploads\/2024\/04\/Cara-Urosa-67-8-495x400.jpg 495w, https:\/\/www.bosal.rs\/rs\/wp-content\/uploads\/2024\/04\/Cara-Urosa-67-8-845x684.jpg 845w\" sizes=\"(max-width: 495px) 100vw, 495px\" \/><\/a><div class=\"slide-content\"><header class=\"entry-content-header\"><h3 class='slide-entry-title entry-title '  itemprop=\"headline\" ><a href='https:\/\/www.bosal.rs\/rs\/a1-beograd-dorcol-sigurnosna-i-sobna-vrata\/' title='A1 Beograd, Dor\u0107ol &#8211; Sigurnosna i sobna vrata'>A1 Beograd, Dor\u0107ol &#8211; Sigurnosna i sobna vrata<\/a><\/h3><span class=\"blog-categories minor-meta\"><a href=\"https:\/\/www.bosal.rs\/rs\/category\/sigurnosna-vrata\/\" rel=\"tag\">Sigurnosna vrata<\/a>, <a href=\"https:\/\/www.bosal.rs\/rs\/category\/sobna-vrata\/\" rel=\"tag\">Sobna vrata<\/a> <\/span><span class=\"av-vertical-delimiter\"><\/span><\/header><div class='slide-entry-excerpt entry-content'  itemprop=\"text\" >\n\n<\/div><\/div><footer class=\"entry-footer\"><div class=\"slide-meta\"><time class='slide-meta-time updated'  itemprop=\"datePublished\" datetime=\"2024-03-31T08:41:00+01:00\" >31 marta, 2024<\/time><\/div><\/footer><span class='hidden'>\n\t\t\t\t<span class='av-structured-data'  itemprop=\"image\" itemscope=\"itemscope\" itemtype=\"https:\/\/schema.org\/ImageObject\" >\n\t\t\t\t\t\t<span itemprop='url'>https:\/\/www.bosal.rs\/rs\/wp-content\/uploads\/2024\/04\/Cara-Urosa-67-8.jpg<\/span>\n\t\t\t\t\t\t<span itemprop='height'>800<\/span>\n\t\t\t\t\t\t<span itemprop='width'>1200<\/span>\n\t\t\t\t<\/span>\n\t\t\t\t<span class='av-structured-data'  itemprop=\"publisher\" itemtype=\"https:\/\/schema.org\/Organization\" itemscope=\"itemscope\" >\n\t\t\t\t\t\t<span itemprop='name'>bosalrs<\/span>\n\t\t\t\t\t\t<span itemprop='logo' itemscope itemtype='https:\/\/schema.org\/ImageObject'>\n\t\t\t\t\t\t\t<span itemprop='url'>https:\/\/www.bosal.rs\/rs\/wp-content\/uploads\/2017\/08\/logo-bosal-final-2017.png<\/span>\n\t\t\t\t\t\t <\/span>\n\t\t\t\t<\/span><span class='av-structured-data'  itemprop=\"author\" itemscope=\"itemscope\" itemtype=\"https:\/\/schema.org\/Person\" ><span itemprop='name'>bosalrs<\/span><\/span><span class='av-structured-data'  itemprop=\"datePublished\" datetime=\"2017-07-04T07:22:34+01:00\" >2024-03-31 08:41:00<\/span><span class='av-structured-data'  itemprop=\"dateModified\" itemtype=\"https:\/\/schema.org\/dateModified\" >2024-04-30 07:02:03<\/span><span class='av-structured-data'  itemprop=\"mainEntityOfPage\" itemtype=\"https:\/\/schema.org\/mainEntityOfPage\" ><span itemprop='name'>A1 Beograd, Dor\u0107ol &#8211; Sigurnosna i sobna vrata<\/span><\/span><\/span><\/article><article class='slide-entry flex_column  post-entry post-entry-4219 slide-entry-overview slide-loop-18 slide-parity-even  av_one_half  real-thumbnail post-format-standard'  itemscope=\"itemscope\" itemtype=\"https:\/\/schema.org\/BlogPosting\" itemprop=\"blogPost\" ><a href='https:\/\/www.bosal.rs\/rs\/sigurnosna-sobna-vrata-stolarija-za-brixwell\/' data-rel='slide-1' class='slide-image' title='BRIXWELL &#8211; Sigurnosna vrata, sobna vrata i spoljna stolarija'><img width=\"495\" height=\"400\" src=\"https:\/\/www.bosal.rs\/rs\/wp-content\/uploads\/2024\/03\/brixwell-gospodara-vucica-1-495x400.jpg\" class=\"wp-image-4227 avia-img-lazy-loading-not-4227 attachment-portfolio size-portfolio wp-post-image\" alt=\"\" \/><\/a><div class=\"slide-content\"><header class=\"entry-content-header\"><h3 class='slide-entry-title entry-title '  itemprop=\"headline\" ><a href='https:\/\/www.bosal.rs\/rs\/sigurnosna-sobna-vrata-stolarija-za-brixwell\/' title='BRIXWELL &#8211; Sigurnosna vrata, sobna vrata i spoljna stolarija'>BRIXWELL &#8211; Sigurnosna vrata, sobna vrata i spoljna stolarija<\/a><\/h3><span class=\"blog-categories minor-meta\"><a href=\"https:\/\/www.bosal.rs\/rs\/category\/alu-stolarija\/\" rel=\"tag\">ALU stolarija<\/a>, <a href=\"https:\/\/www.bosal.rs\/rs\/category\/lux-model\/\" rel=\"tag\">LUX model<\/a>, <a href=\"https:\/\/www.bosal.rs\/rs\/category\/sigurnosna-vrata\/\" rel=\"tag\">Sigurnosna vrata<\/a>, <a href=\"https:\/\/www.bosal.rs\/rs\/category\/sobna-vrata\/\" rel=\"tag\">Sobna vrata<\/a>, <a href=\"https:\/\/www.bosal.rs\/rs\/category\/stolarija\/\" rel=\"tag\">Stolarija<\/a> <\/span><span class=\"av-vertical-delimiter\"><\/span><\/header><div class='slide-entry-excerpt entry-content'  itemprop=\"text\" >\n\n<\/div><\/div><footer class=\"entry-footer\"><div class=\"slide-meta\"><time class='slide-meta-time updated'  itemprop=\"datePublished\" datetime=\"2024-02-29T11:14:00+01:00\" >29 februara, 2024<\/time><\/div><\/footer><span class='hidden'>\n\t\t\t\t<span class='av-structured-data'  itemprop=\"image\" itemscope=\"itemscope\" itemtype=\"https:\/\/schema.org\/ImageObject\" >\n\t\t\t\t\t\t<span itemprop='url'>https:\/\/www.bosal.rs\/rs\/wp-content\/uploads\/2024\/03\/brixwell-gospodara-vucica-1.jpg<\/span>\n\t\t\t\t\t\t<span itemprop='height'>632<\/span>\n\t\t\t\t\t\t<span itemprop='width'>900<\/span>\n\t\t\t\t<\/span>\n\t\t\t\t<span class='av-structured-data'  itemprop=\"publisher\" itemtype=\"https:\/\/schema.org\/Organization\" itemscope=\"itemscope\" >\n\t\t\t\t\t\t<span itemprop='name'>bosalrs<\/span>\n\t\t\t\t\t\t<span itemprop='logo' itemscope itemtype='https:\/\/schema.org\/ImageObject'>\n\t\t\t\t\t\t\t<span itemprop='url'>https:\/\/www.bosal.rs\/rs\/wp-content\/uploads\/2017\/08\/logo-bosal-final-2017.png<\/span>\n\t\t\t\t\t\t <\/span>\n\t\t\t\t<\/span><span class='av-structured-data'  itemprop=\"author\" itemscope=\"itemscope\" itemtype=\"https:\/\/schema.org\/Person\" ><span itemprop='name'>bosalrs<\/span><\/span><span class='av-structured-data'  itemprop=\"datePublished\" datetime=\"2017-07-04T07:22:34+01:00\" >2024-02-29 11:14:00<\/span><span class='av-structured-data'  itemprop=\"dateModified\" itemtype=\"https:\/\/schema.org\/dateModified\" >2024-04-30 07:01:56<\/span><span class='av-structured-data'  itemprop=\"mainEntityOfPage\" itemtype=\"https:\/\/schema.org\/mainEntityOfPage\" ><span itemprop='name'>BRIXWELL &#8211; Sigurnosna vrata, sobna vrata i spoljna stolarija<\/span><\/span><\/span><\/article><\/div><div class=\"slide-entry-wrap\"><article class='slide-entry flex_column  post-entry post-entry-4168 slide-entry-overview slide-loop-19 slide-parity-odd  av_one_half first real-thumbnail post-format-standard'  itemscope=\"itemscope\" itemtype=\"https:\/\/schema.org\/BlogPosting\" itemprop=\"blogPost\" ><a href='https:\/\/www.bosal.rs\/rs\/sigurnosna-vrata-za-taurunum-xxi-u-zemunu\/' data-rel='slide-1' class='slide-image' title='Sigurnosna vrata za Taurunum XXI u Zemunu'><img width=\"495\" height=\"400\" src=\"https:\/\/www.bosal.rs\/rs\/wp-content\/uploads\/2024\/01\/Fasada_ul_22_oktobra_01-495x400.jpg\" class=\"wp-image-4171 avia-img-lazy-loading-not-4171 attachment-portfolio size-portfolio wp-post-image\" alt=\"\" \/><\/a><div class=\"slide-content\"><header class=\"entry-content-header\"><h3 class='slide-entry-title entry-title '  itemprop=\"headline\" ><a href='https:\/\/www.bosal.rs\/rs\/sigurnosna-vrata-za-taurunum-xxi-u-zemunu\/' title='Sigurnosna vrata za Taurunum XXI u Zemunu'>Sigurnosna vrata za Taurunum XXI u Zemunu<\/a><\/h3><span class=\"blog-categories minor-meta\"><a href=\"https:\/\/www.bosal.rs\/rs\/category\/lux-model\/\" rel=\"tag\">LUX model<\/a>, <a href=\"https:\/\/www.bosal.rs\/rs\/category\/sigurnosna-vrata\/\" rel=\"tag\">Sigurnosna vrata<\/a> <\/span><span class=\"av-vertical-delimiter\"><\/span><\/header><div class='slide-entry-excerpt entry-content'  itemprop=\"text\" >\n\n<\/div><\/div><footer class=\"entry-footer\"><div class=\"slide-meta\"><div class=\"slide-meta-comments\"><a href='https:\/\/www.bosal.rs\/rs\/sigurnosna-vrata-za-taurunum-xxi-u-zemunu\/#respond'>0 Comments<\/a><\/div><div class=\"slide-meta-del\">\/<\/div><time class='slide-meta-time updated'  itemprop=\"datePublished\" datetime=\"2024-01-31T08:39:09+01:00\" >31 januara, 2024<\/time><\/div><\/footer><span class='hidden'>\n\t\t\t\t<span class='av-structured-data'  itemprop=\"image\" itemscope=\"itemscope\" itemtype=\"https:\/\/schema.org\/ImageObject\" >\n\t\t\t\t\t\t<span itemprop='url'>https:\/\/www.bosal.rs\/rs\/wp-content\/uploads\/2024\/01\/Fasada_ul_22_oktobra_01.jpg<\/span>\n\t\t\t\t\t\t<span itemprop='height'>591<\/span>\n\t\t\t\t\t\t<span itemprop='width'>1000<\/span>\n\t\t\t\t<\/span>\n\t\t\t\t<span class='av-structured-data'  itemprop=\"publisher\" itemtype=\"https:\/\/schema.org\/Organization\" itemscope=\"itemscope\" >\n\t\t\t\t\t\t<span itemprop='name'>bosalrs<\/span>\n\t\t\t\t\t\t<span itemprop='logo' itemscope itemtype='https:\/\/schema.org\/ImageObject'>\n\t\t\t\t\t\t\t<span itemprop='url'>https:\/\/www.bosal.rs\/rs\/wp-content\/uploads\/2017\/08\/logo-bosal-final-2017.png<\/span>\n\t\t\t\t\t\t <\/span>\n\t\t\t\t<\/span><span class='av-structured-data'  itemprop=\"author\" itemscope=\"itemscope\" itemtype=\"https:\/\/schema.org\/Person\" ><span itemprop='name'>bosalrs<\/span><\/span><span class='av-structured-data'  itemprop=\"datePublished\" datetime=\"2017-07-04T07:22:34+01:00\" >2024-01-31 08:39:09<\/span><span class='av-structured-data'  itemprop=\"dateModified\" itemtype=\"https:\/\/schema.org\/dateModified\" >2024-04-22 12:33:53<\/span><span class='av-structured-data'  itemprop=\"mainEntityOfPage\" itemtype=\"https:\/\/schema.org\/mainEntityOfPage\" ><span itemprop='name'>Sigurnosna vrata za Taurunum XXI u Zemunu<\/span><\/span><\/span><\/article><article class='slide-entry flex_column  post-entry post-entry-3810 slide-entry-overview slide-loop-20 slide-parity-even  av_one_half  real-thumbnail post-format-standard'  itemscope=\"itemscope\" itemtype=\"https:\/\/schema.org\/BlogPosting\" itemprop=\"blogPost\" ><a href='https:\/\/www.bosal.rs\/rs\/sigurnosna-vrata-west-65-tower\/' data-rel='slide-1' class='slide-image' title='Sigurnosna vrata za WEST 65 TOWER'><img width=\"495\" height=\"400\" src=\"https:\/\/www.bosal.rs\/rs\/wp-content\/uploads\/2022\/08\/thumb-495x400.jpg\" class=\"wp-image-3831 avia-img-lazy-loading-not-3831 attachment-portfolio size-portfolio wp-post-image\" alt=\"\" \/><\/a><div class=\"slide-content\"><header class=\"entry-content-header\"><h3 class='slide-entry-title entry-title '  itemprop=\"headline\" ><a href='https:\/\/www.bosal.rs\/rs\/sigurnosna-vrata-west-65-tower\/' title='Sigurnosna vrata za WEST 65 TOWER'>Sigurnosna vrata za WEST 65 TOWER<\/a><\/h3><span class=\"blog-categories minor-meta\"><a href=\"https:\/\/www.bosal.rs\/rs\/category\/lux-model\/\" rel=\"tag\">LUX model<\/a>, <a href=\"https:\/\/www.bosal.rs\/rs\/category\/sigurnosna-vrata\/\" rel=\"tag\">Sigurnosna vrata<\/a> <\/span><span class=\"av-vertical-delimiter\"><\/span><\/header><div class='slide-entry-excerpt entry-content'  itemprop=\"text\" >\n\n<\/div><\/div><footer class=\"entry-footer\"><div class=\"slide-meta\"><div class=\"slide-meta-comments\"><a href='https:\/\/www.bosal.rs\/rs\/sigurnosna-vrata-west-65-tower\/#respond'>0 Comments<\/a><\/div><div class=\"slide-meta-del\">\/<\/div><time class='slide-meta-time updated'  itemprop=\"datePublished\" datetime=\"2022-08-30T13:36:00+01:00\" >30 avgusta, 2022<\/time><\/div><\/footer><span class='hidden'>\n\t\t\t\t<span class='av-structured-data'  itemprop=\"image\" itemscope=\"itemscope\" itemtype=\"https:\/\/schema.org\/ImageObject\" >\n\t\t\t\t\t\t<span itemprop='url'>https:\/\/www.bosal.rs\/rs\/wp-content\/uploads\/2022\/08\/thumb.jpg<\/span>\n\t\t\t\t\t\t<span itemprop='height'>628<\/span>\n\t\t\t\t\t\t<span itemprop='width'>1200<\/span>\n\t\t\t\t<\/span>\n\t\t\t\t<span class='av-structured-data'  itemprop=\"publisher\" itemtype=\"https:\/\/schema.org\/Organization\" itemscope=\"itemscope\" >\n\t\t\t\t\t\t<span itemprop='name'>bosalrs<\/span>\n\t\t\t\t\t\t<span itemprop='logo' itemscope itemtype='https:\/\/schema.org\/ImageObject'>\n\t\t\t\t\t\t\t<span itemprop='url'>https:\/\/www.bosal.rs\/rs\/wp-content\/uploads\/2017\/08\/logo-bosal-final-2017.png<\/span>\n\t\t\t\t\t\t <\/span>\n\t\t\t\t<\/span><span class='av-structured-data'  itemprop=\"author\" itemscope=\"itemscope\" itemtype=\"https:\/\/schema.org\/Person\" ><span itemprop='name'>bosalrs<\/span><\/span><span class='av-structured-data'  itemprop=\"datePublished\" datetime=\"2017-07-04T07:22:34+01:00\" >2022-08-30 13:36:00<\/span><span class='av-structured-data'  itemprop=\"dateModified\" itemtype=\"https:\/\/schema.org\/dateModified\" >2024-01-31 08:27:35<\/span><span class='av-structured-data'  itemprop=\"mainEntityOfPage\" itemtype=\"https:\/\/schema.org\/mainEntityOfPage\" ><span itemprop='name'>Sigurnosna vrata za WEST 65 TOWER<\/span><\/span><\/span><\/article><\/div><div class=\"slide-entry-wrap\"><article class='slide-entry flex_column  post-entry post-entry-3703 slide-entry-overview slide-loop-21 slide-parity-odd  av_one_half first real-thumbnail post-format-standard'  itemscope=\"itemscope\" itemtype=\"https:\/\/schema.org\/BlogPosting\" itemprop=\"blogPost\" ><a href='https:\/\/www.bosal.rs\/rs\/sigurnosna-vrata-alu-stolarija-gospodara-vucica\/' data-rel='slide-1' class='slide-image' title='Sigurnosna vrata i ALU stolarija u Gospodara Vu\u010di\u0107a'><img width=\"495\" height=\"400\" src=\"https:\/\/www.bosal.rs\/rs\/wp-content\/uploads\/2022\/08\/01-495x400.jpg\" class=\"wp-image-3705 avia-img-lazy-loading-not-3705 attachment-portfolio size-portfolio wp-post-image\" alt=\"\" \/><\/a><div class=\"slide-content\"><header class=\"entry-content-header\"><h3 class='slide-entry-title entry-title '  itemprop=\"headline\" ><a href='https:\/\/www.bosal.rs\/rs\/sigurnosna-vrata-alu-stolarija-gospodara-vucica\/' title='Sigurnosna vrata i ALU stolarija u Gospodara Vu\u010di\u0107a'>Sigurnosna vrata i ALU stolarija u Gospodara Vu\u010di\u0107a<\/a><\/h3><span class=\"blog-categories minor-meta\"><a href=\"https:\/\/www.bosal.rs\/rs\/category\/alu-stolarija\/\" rel=\"tag\">ALU stolarija<\/a>, <a href=\"https:\/\/www.bosal.rs\/rs\/category\/sigurnosna-vrata\/\" rel=\"tag\">Sigurnosna vrata<\/a>, <a href=\"https:\/\/www.bosal.rs\/rs\/category\/sigurnosna-vrata\/standard-plus-model\/\" rel=\"tag\">STANDARD PLUS model<\/a> <\/span><span class=\"av-vertical-delimiter\"><\/span><\/header><\/div><footer class=\"entry-footer\"><div class=\"slide-meta\"><div class=\"slide-meta-comments\"><a href='https:\/\/www.bosal.rs\/rs\/sigurnosna-vrata-west-65-tower\/#respond'>0 Comments<\/a><\/div><div class=\"slide-meta-del\">\/<\/div><time class='slide-meta-time updated'  itemprop=\"datePublished\" datetime=\"2022-08-30T13:36:00+01:00\" >30 avgusta, 2022<\/time><\/div><\/footer><span class='hidden'>\n\t\t\t\t<span class='av-structured-data'  itemprop=\"image\" itemscope=\"itemscope\" itemtype=\"https:\/\/schema.org\/ImageObject\" >\n\t\t\t\t\t\t<span itemprop='url'>https:\/\/www.bosal.rs\/rs\/wp-content\/uploads\/2022\/08\/01.jpg<\/span>\n\t\t\t\t\t\t<span itemprop='height'>588<\/span>\n\t\t\t\t\t\t<span itemprop='width'>900<\/span>\n\t\t\t\t<\/span>\n\t\t\t\t<span class='av-structured-data'  itemprop=\"publisher\" itemtype=\"https:\/\/schema.org\/Organization\" itemscope=\"itemscope\" >\n\t\t\t\t\t\t<span itemprop='name'>bosalrs<\/span>\n\t\t\t\t\t\t<span itemprop='logo' itemscope itemtype='https:\/\/schema.org\/ImageObject'>\n\t\t\t\t\t\t\t<span itemprop='url'>https:\/\/www.bosal.rs\/rs\/wp-content\/uploads\/2017\/08\/logo-bosal-final-2017.png<\/span>\n\t\t\t\t\t\t <\/span>\n\t\t\t\t<\/span><span class='av-structured-data'  itemprop=\"author\" itemscope=\"itemscope\" itemtype=\"https:\/\/schema.org\/Person\" ><span itemprop='name'>bosalrs<\/span><\/span><span class='av-structured-data'  itemprop=\"datePublished\" datetime=\"2017-07-04T07:22:34+01:00\" >2022-07-30 06:34:45<\/span><span class='av-structured-data'  itemprop=\"dateModified\" itemtype=\"https:\/\/schema.org\/dateModified\" >2022-08-01 06:36:35<\/span><span class='av-structured-data'  itemprop=\"mainEntityOfPage\" itemtype=\"https:\/\/schema.org\/mainEntityOfPage\" ><span itemprop='name'>Sigurnosna vrata i ALU stolarija u Gospodara Vu\u010di\u0107a<\/span><\/span><\/span><\/article><article class='slide-entry flex_column  post-entry post-entry-3641 slide-entry-overview slide-loop-22 slide-parity-even  av_one_half  real-thumbnail post-format-standard'  itemscope=\"itemscope\" itemtype=\"https:\/\/schema.org\/BlogPosting\" itemprop=\"blogPost\" ><a href='https:\/\/www.bosal.rs\/rs\/tri-nove-lux-sigurnosna-vrata-zemun\/' data-rel='slide-1' class='slide-image' title='TRI NOVE &#8211; LUX sigurnosna vrata &#8211; Zemun'><img width=\"495\" height=\"400\" src=\"https:\/\/www.bosal.rs\/rs\/wp-content\/uploads\/2022\/05\/TRI-NOVE-fb-thumb-495x400.jpg\" class=\"wp-image-3644 avia-img-lazy-loading-not-3644 attachment-portfolio size-portfolio wp-post-image\" alt=\"\" \/><\/a><div class=\"slide-content\"><header class=\"entry-content-header\"><h3 class='slide-entry-title entry-title '  itemprop=\"headline\" ><a href='https:\/\/www.bosal.rs\/rs\/tri-nove-lux-sigurnosna-vrata-zemun\/' title='TRI NOVE &#8211; LUX sigurnosna vrata &#8211; Zemun'>TRI NOVE &#8211; LUX sigurnosna vrata &#8211; Zemun<\/a><\/h3><span class=\"blog-categories minor-meta\"><a href=\"https:\/\/www.bosal.rs\/rs\/category\/lux-model\/\" rel=\"tag\">LUX model<\/a>, <a href=\"https:\/\/www.bosal.rs\/rs\/category\/sigurnosna-vrata\/\" rel=\"tag\">Sigurnosna vrata<\/a> <\/span><span class=\"av-vertical-delimiter\"><\/span><\/header><\/div><footer class=\"entry-footer\"><div class=\"slide-meta\"><div class=\"slide-meta-comments\"><a href='https:\/\/www.bosal.rs\/rs\/sigurnosna-vrata-west-65-tower\/#respond'>0 Comments<\/a><\/div><div class=\"slide-meta-del\">\/<\/div><time class='slide-meta-time updated'  itemprop=\"datePublished\" datetime=\"2022-08-30T13:36:00+01:00\" >30 avgusta, 2022<\/time><\/div><\/footer><span class='hidden'>\n\t\t\t\t<span class='av-structured-data'  itemprop=\"image\" itemscope=\"itemscope\" itemtype=\"https:\/\/schema.org\/ImageObject\" >\n\t\t\t\t\t\t<span itemprop='url'>https:\/\/www.bosal.rs\/rs\/wp-content\/uploads\/2022\/05\/TRI-NOVE-fb-thumb.jpg<\/span>\n\t\t\t\t\t\t<span itemprop='height'>628<\/span>\n\t\t\t\t\t\t<span itemprop='width'>1200<\/span>\n\t\t\t\t<\/span>\n\t\t\t\t<span class='av-structured-data'  itemprop=\"publisher\" itemtype=\"https:\/\/schema.org\/Organization\" itemscope=\"itemscope\" >\n\t\t\t\t\t\t<span itemprop='name'>bosalrs<\/span>\n\t\t\t\t\t\t<span itemprop='logo' itemscope itemtype='https:\/\/schema.org\/ImageObject'>\n\t\t\t\t\t\t\t<span itemprop='url'>https:\/\/www.bosal.rs\/rs\/wp-content\/uploads\/2017\/08\/logo-bosal-final-2017.png<\/span>\n\t\t\t\t\t\t <\/span>\n\t\t\t\t<\/span><span class='av-structured-data'  itemprop=\"author\" itemscope=\"itemscope\" itemtype=\"https:\/\/schema.org\/Person\" ><span itemprop='name'>bosalrs<\/span><\/span><span class='av-structured-data'  itemprop=\"datePublished\" datetime=\"2017-07-04T07:22:34+01:00\" >2022-05-04 04:21:51<\/span><span class='av-structured-data'  itemprop=\"dateModified\" itemtype=\"https:\/\/schema.org\/dateModified\" >2022-05-11 04:22:10<\/span><span class='av-structured-data'  itemprop=\"mainEntityOfPage\" itemtype=\"https:\/\/schema.org\/mainEntityOfPage\" ><span itemprop='name'>TRI NOVE &#8211; LUX sigurnosna vrata &#8211; Zemun<\/span><\/span><\/span><\/article><\/div><div class=\"slide-entry-wrap\"><article class='slide-entry flex_column  post-entry post-entry-3615 slide-entry-overview slide-loop-23 slide-parity-odd  av_one_half first real-thumbnail post-format-standard'  itemscope=\"itemscope\" itemtype=\"https:\/\/schema.org\/BlogPosting\" itemprop=\"blogPost\" ><a href='https:\/\/www.bosal.rs\/rs\/lux-sigurnosna-vrata-nikolaja-hartviga\/' data-rel='slide-1' class='slide-image' title='LUX sigurnosna vrata &#8211; Vra\u010dar &#8211; Nikolaja Hartviga 9'><img width=\"495\" height=\"400\" src=\"https:\/\/www.bosal.rs\/rs\/wp-content\/uploads\/2022\/03\/nikolaja-hartviga-fb-thumb-495x400.jpg\" class=\"wp-image-3617 avia-img-lazy-loading-not-3617 attachment-portfolio size-portfolio wp-post-image\" alt=\"\" \/><\/a><div class=\"slide-content\"><header class=\"entry-content-header\"><h3 class='slide-entry-title entry-title '  itemprop=\"headline\" ><a href='https:\/\/www.bosal.rs\/rs\/lux-sigurnosna-vrata-nikolaja-hartviga\/' title='LUX sigurnosna vrata &#8211; Vra\u010dar &#8211; Nikolaja Hartviga 9'>LUX sigurnosna vrata &#8211; Vra\u010dar &#8211; Nikolaja Hartviga 9<\/a><\/h3><span class=\"blog-categories minor-meta\"><a href=\"https:\/\/www.bosal.rs\/rs\/category\/lux-model\/\" rel=\"tag\">LUX model<\/a>, <a href=\"https:\/\/www.bosal.rs\/rs\/category\/sigurnosna-vrata\/\" rel=\"tag\">Sigurnosna vrata<\/a> <\/span><span class=\"av-vertical-delimiter\"><\/span><\/header><\/div><footer class=\"entry-footer\"><div class=\"slide-meta\"><div class=\"slide-meta-comments\"><a href='https:\/\/www.bosal.rs\/rs\/sigurnosna-vrata-west-65-tower\/#respond'>0 Comments<\/a><\/div><div class=\"slide-meta-del\">\/<\/div><time class='slide-meta-time updated'  itemprop=\"datePublished\" datetime=\"2022-08-30T13:36:00+01:00\" >30 avgusta, 2022<\/time><\/div><\/footer><span class='hidden'>\n\t\t\t\t<span class='av-structured-data'  itemprop=\"image\" itemscope=\"itemscope\" itemtype=\"https:\/\/schema.org\/ImageObject\" >\n\t\t\t\t\t\t<span itemprop='url'>https:\/\/www.bosal.rs\/rs\/wp-content\/uploads\/2022\/03\/nikolaja-hartviga-fb-thumb.jpg<\/span>\n\t\t\t\t\t\t<span itemprop='height'>628<\/span>\n\t\t\t\t\t\t<span itemprop='width'>1200<\/span>\n\t\t\t\t<\/span>\n\t\t\t\t<span class='av-structured-data'  itemprop=\"publisher\" itemtype=\"https:\/\/schema.org\/Organization\" itemscope=\"itemscope\" >\n\t\t\t\t\t\t<span itemprop='name'>bosalrs<\/span>\n\t\t\t\t\t\t<span itemprop='logo' itemscope itemtype='https:\/\/schema.org\/ImageObject'>\n\t\t\t\t\t\t\t<span itemprop='url'>https:\/\/www.bosal.rs\/rs\/wp-content\/uploads\/2017\/08\/logo-bosal-final-2017.png<\/span>\n\t\t\t\t\t\t <\/span>\n\t\t\t\t<\/span><span class='av-structured-data'  itemprop=\"author\" itemscope=\"itemscope\" itemtype=\"https:\/\/schema.org\/Person\" ><span itemprop='name'>bosalrs<\/span><\/span><span class='av-structured-data'  itemprop=\"datePublished\" datetime=\"2017-07-04T07:22:34+01:00\" >2022-03-18 02:19:31<\/span><span class='av-structured-data'  itemprop=\"dateModified\" itemtype=\"https:\/\/schema.org\/dateModified\" >2022-03-18 02:30:36<\/span><span class='av-structured-data'  itemprop=\"mainEntityOfPage\" itemtype=\"https:\/\/schema.org\/mainEntityOfPage\" ><span itemprop='name'>LUX sigurnosna vrata &#8211; Vra\u010dar &#8211; Nikolaja Hartviga 9<\/span><\/span><\/span><\/article><article class='slide-entry flex_column  post-entry post-entry-3590 slide-entry-overview slide-loop-24 slide-parity-even  av_one_half  real-thumbnail post-format-standard'  itemscope=\"itemscope\" itemtype=\"https:\/\/schema.org\/BlogPosting\" itemprop=\"blogPost\" ><a href='https:\/\/www.bosal.rs\/rs\/lux-sigurnosna-vrata-za-kneza-milosa-residence\/' data-rel='slide-1' class='slide-image' title='LUX sigurnosna vrata za Kneza Milo\u0161a Residence'><img width=\"495\" height=\"400\" src=\"https:\/\/www.bosal.rs\/rs\/wp-content\/uploads\/2022\/03\/KMR-fb-thumb-495x400.jpg\" class=\"wp-image-3605 avia-img-lazy-loading-not-3605 attachment-portfolio size-portfolio wp-post-image\" alt=\"\" \/><\/a><div class=\"slide-content\"><header class=\"entry-content-header\"><h3 class='slide-entry-title entry-title '  itemprop=\"headline\" ><a href='https:\/\/www.bosal.rs\/rs\/lux-sigurnosna-vrata-za-kneza-milosa-residence\/' title='LUX sigurnosna vrata za Kneza Milo\u0161a Residence'>LUX sigurnosna vrata za Kneza Milo\u0161a Residence<\/a><\/h3><span class=\"blog-categories minor-meta\"><a href=\"https:\/\/www.bosal.rs\/rs\/category\/lux-model\/\" rel=\"tag\">LUX model<\/a>, <a href=\"https:\/\/www.bosal.rs\/rs\/category\/sigurnosna-vrata\/\" rel=\"tag\">Sigurnosna vrata<\/a> <\/span><span class=\"av-vertical-delimiter\"><\/span><\/header><\/div><footer class=\"entry-footer\"><div class=\"slide-meta\"><div class=\"slide-meta-comments\"><a href='https:\/\/www.bosal.rs\/rs\/sigurnosna-vrata-west-65-tower\/#respond'>0 Comments<\/a><\/div><div class=\"slide-meta-del\">\/<\/div><time class='slide-meta-time updated'  itemprop=\"datePublished\" datetime=\"2022-08-30T13:36:00+01:00\" >30 avgusta, 2022<\/time><\/div><\/footer><span class='hidden'>\n\t\t\t\t<span class='av-structured-data'  itemprop=\"image\" itemscope=\"itemscope\" itemtype=\"https:\/\/schema.org\/ImageObject\" >\n\t\t\t\t\t\t<span itemprop='url'>https:\/\/www.bosal.rs\/rs\/wp-content\/uploads\/2022\/03\/KMR-fb-thumb.jpg<\/span>\n\t\t\t\t\t\t<span itemprop='height'>628<\/span>\n\t\t\t\t\t\t<span itemprop='width'>1200<\/span>\n\t\t\t\t<\/span>\n\t\t\t\t<span class='av-structured-data'  itemprop=\"publisher\" itemtype=\"https:\/\/schema.org\/Organization\" itemscope=\"itemscope\" >\n\t\t\t\t\t\t<span itemprop='name'>bosalrs<\/span>\n\t\t\t\t\t\t<span itemprop='logo' itemscope itemtype='https:\/\/schema.org\/ImageObject'>\n\t\t\t\t\t\t\t<span itemprop='url'>https:\/\/www.bosal.rs\/rs\/wp-content\/uploads\/2017\/08\/logo-bosal-final-2017.png<\/span>\n\t\t\t\t\t\t <\/span>\n\t\t\t\t<\/span><span class='av-structured-data'  itemprop=\"author\" itemscope=\"itemscope\" itemtype=\"https:\/\/schema.org\/Person\" ><span itemprop='name'>bosalrs<\/span><\/span><span class='av-structured-data'  itemprop=\"datePublished\" datetime=\"2017-07-04T07:22:34+01:00\" >2022-02-26 05:22:52<\/span><span class='av-structured-data'  itemprop=\"dateModified\" itemtype=\"https:\/\/schema.org\/dateModified\" >2022-03-01 05:25:33<\/span><span class='av-structured-data'  itemprop=\"mainEntityOfPage\" itemtype=\"https:\/\/schema.org\/mainEntityOfPage\" ><span itemprop='name'>LUX sigurnosna vrata za Kneza Milo\u0161a Residence<\/span><\/span><\/span><\/article><\/div><div class=\"slide-entry-wrap\"><article class='slide-entry flex_column  post-entry post-entry-3574 slide-entry-overview slide-loop-25 slide-parity-odd  av_one_half first real-thumbnail post-format-standard'  itemscope=\"itemscope\" itemtype=\"https:\/\/schema.org\/BlogPosting\" itemprop=\"blogPost\" ><a href='https:\/\/www.bosal.rs\/rs\/lux-sigurnosna-integra-sobna-vracar\/' data-rel='slide-1' class='slide-image' title='LUX sigurnosna i INTEGRA sobna vrata za stan na Vra\u010daru'><img width=\"495\" height=\"400\" src=\"https:\/\/www.bosal.rs\/rs\/wp-content\/uploads\/2022\/01\/TOPOLSKA-15-SOBNA-fb-495x400.jpg\" class=\"wp-image-3575 avia-img-lazy-loading-not-3575 attachment-portfolio size-portfolio wp-post-image\" alt=\"\" \/><\/a><div class=\"slide-content\"><header class=\"entry-content-header\"><h3 class='slide-entry-title entry-title '  itemprop=\"headline\" ><a href='https:\/\/www.bosal.rs\/rs\/lux-sigurnosna-integra-sobna-vracar\/' title='LUX sigurnosna i INTEGRA sobna vrata za stan na Vra\u010daru'>LUX sigurnosna i INTEGRA sobna vrata za stan na Vra\u010daru<\/a><\/h3><span class=\"blog-categories minor-meta\"><a href=\"https:\/\/www.bosal.rs\/rs\/category\/lux-model\/\" rel=\"tag\">LUX model<\/a>, <a href=\"https:\/\/www.bosal.rs\/rs\/category\/sigurnosna-vrata\/\" rel=\"tag\">Sigurnosna vrata<\/a> <\/span><span class=\"av-vertical-delimiter\"><\/span><\/header><\/div><footer class=\"entry-footer\"><div class=\"slide-meta\"><div class=\"slide-meta-comments\"><a href='https:\/\/www.bosal.rs\/rs\/sigurnosna-vrata-west-65-tower\/#respond'>0 Comments<\/a><\/div><div class=\"slide-meta-del\">\/<\/div><time class='slide-meta-time updated'  itemprop=\"datePublished\" datetime=\"2022-08-30T13:36:00+01:00\" >30 avgusta, 2022<\/time><\/div><\/footer><span class='hidden'>\n\t\t\t\t<span class='av-structured-data'  itemprop=\"image\" itemscope=\"itemscope\" itemtype=\"https:\/\/schema.org\/ImageObject\" >\n\t\t\t\t\t\t<span itemprop='url'>https:\/\/www.bosal.rs\/rs\/wp-content\/uploads\/2022\/01\/TOPOLSKA-15-SOBNA-fb.jpg<\/span>\n\t\t\t\t\t\t<span itemprop='height'>628<\/span>\n\t\t\t\t\t\t<span itemprop='width'>1200<\/span>\n\t\t\t\t<\/span>\n\t\t\t\t<span class='av-structured-data'  itemprop=\"publisher\" itemtype=\"https:\/\/schema.org\/Organization\" itemscope=\"itemscope\" >\n\t\t\t\t\t\t<span itemprop='name'>bosalrs<\/span>\n\t\t\t\t\t\t<span itemprop='logo' itemscope itemtype='https:\/\/schema.org\/ImageObject'>\n\t\t\t\t\t\t\t<span itemprop='url'>https:\/\/www.bosal.rs\/rs\/wp-content\/uploads\/2017\/08\/logo-bosal-final-2017.png<\/span>\n\t\t\t\t\t\t <\/span>\n\t\t\t\t<\/span><span class='av-structured-data'  itemprop=\"author\" itemscope=\"itemscope\" itemtype=\"https:\/\/schema.org\/Person\" ><span itemprop='name'>bosalrs<\/span><\/span><span class='av-structured-data'  itemprop=\"datePublished\" datetime=\"2017-07-04T07:22:34+01:00\" >2022-01-27 18:07:26<\/span><span class='av-structured-data'  itemprop=\"dateModified\" itemtype=\"https:\/\/schema.org\/dateModified\" >2022-01-30 20:08:20<\/span><span class='av-structured-data'  itemprop=\"mainEntityOfPage\" itemtype=\"https:\/\/schema.org\/mainEntityOfPage\" ><span itemprop='name'>LUX sigurnosna i INTEGRA sobna vrata za stan na Vra\u010daru<\/span><\/span><\/span><\/article><article class='slide-entry flex_column  post-entry post-entry-3526 slide-entry-overview slide-loop-26 slide-parity-even  av_one_half  real-thumbnail post-format-standard'  itemscope=\"itemscope\" itemtype=\"https:\/\/schema.org\/BlogPosting\" itemprop=\"blogPost\" ><a href='https:\/\/www.bosal.rs\/rs\/lux-sigurnosna-vrata-za-branicevsku-brixwell\/' data-rel='slide-1' class='slide-image' title='LUX sigurnosna vrata za Brani\u010devsku &#8211; Brixwell'><img width=\"495\" height=\"400\" src=\"https:\/\/www.bosal.rs\/rs\/wp-content\/uploads\/2021\/10\/BRANICEVKA-12-PREVIEW-495x400.jpg\" class=\"wp-image-3527 avia-img-lazy-loading-not-3527 attachment-portfolio size-portfolio wp-post-image\" alt=\"\" \/><\/a><div class=\"slide-content\"><header class=\"entry-content-header\"><h3 class='slide-entry-title entry-title '  itemprop=\"headline\" ><a href='https:\/\/www.bosal.rs\/rs\/lux-sigurnosna-vrata-za-branicevsku-brixwell\/' title='LUX sigurnosna vrata za Brani\u010devsku &#8211; Brixwell'>LUX sigurnosna vrata za Brani\u010devsku &#8211; Brixwell<\/a><\/h3><span class=\"blog-categories minor-meta\"><a href=\"https:\/\/www.bosal.rs\/rs\/category\/lux-model\/\" rel=\"tag\">LUX model<\/a>, <a href=\"https:\/\/www.bosal.rs\/rs\/category\/sigurnosna-vrata\/\" rel=\"tag\">Sigurnosna vrata<\/a> <\/span><span class=\"av-vertical-delimiter\"><\/span><\/header><\/div><footer class=\"entry-footer\"><div class=\"slide-meta\"><div class=\"slide-meta-comments\"><a href='https:\/\/www.bosal.rs\/rs\/sigurnosna-vrata-west-65-tower\/#respond'>0 Comments<\/a><\/div><div class=\"slide-meta-del\">\/<\/div><time class='slide-meta-time updated'  itemprop=\"datePublished\" datetime=\"2022-08-30T13:36:00+01:00\" >30 avgusta, 2022<\/time><\/div><\/footer><span class='hidden'>\n\t\t\t\t<span class='av-structured-data'  itemprop=\"image\" itemscope=\"itemscope\" itemtype=\"https:\/\/schema.org\/ImageObject\" >\n\t\t\t\t\t\t<span itemprop='url'>https:\/\/www.bosal.rs\/rs\/wp-content\/uploads\/2021\/10\/BRANICEVKA-12-PREVIEW.jpg<\/span>\n\t\t\t\t\t\t<span itemprop='height'>628<\/span>\n\t\t\t\t\t\t<span itemprop='width'>1200<\/span>\n\t\t\t\t<\/span>\n\t\t\t\t<span class='av-structured-data'  itemprop=\"publisher\" itemtype=\"https:\/\/schema.org\/Organization\" itemscope=\"itemscope\" >\n\t\t\t\t\t\t<span itemprop='name'>bosalrs<\/span>\n\t\t\t\t\t\t<span itemprop='logo' itemscope itemtype='https:\/\/schema.org\/ImageObject'>\n\t\t\t\t\t\t\t<span itemprop='url'>https:\/\/www.bosal.rs\/rs\/wp-content\/uploads\/2017\/08\/logo-bosal-final-2017.png<\/span>\n\t\t\t\t\t\t <\/span>\n\t\t\t\t<\/span><span class='av-structured-data'  itemprop=\"author\" itemscope=\"itemscope\" itemtype=\"https:\/\/schema.org\/Person\" ><span itemprop='name'>bosalrs<\/span><\/span><span class='av-structured-data'  itemprop=\"datePublished\" datetime=\"2017-07-04T07:22:34+01:00\" >2021-10-20 04:12:18<\/span><span class='av-structured-data'  itemprop=\"dateModified\" itemtype=\"https:\/\/schema.org\/dateModified\" >2021-10-27 04:21:45<\/span><span class='av-structured-data'  itemprop=\"mainEntityOfPage\" itemtype=\"https:\/\/schema.org\/mainEntityOfPage\" ><span itemprop='name'>LUX sigurnosna vrata za Brani\u010devsku &#8211; Brixwell<\/span><\/span><\/span><\/article><\/div><div class=\"slide-entry-wrap\"><article class='slide-entry flex_column  post-entry post-entry-3502 slide-entry-overview slide-loop-27 slide-parity-odd  av_one_half first real-thumbnail post-format-standard'  itemscope=\"itemscope\" itemtype=\"https:\/\/schema.org\/BlogPosting\" itemprop=\"blogPost\" ><a href='https:\/\/www.bosal.rs\/rs\/lux-sigurnosna-merin-hill\/' data-rel='slide-1' class='slide-image' title='LUX sigurnosna vrata za Merin Hill'><img width=\"495\" height=\"400\" src=\"https:\/\/www.bosal.rs\/rs\/wp-content\/uploads\/2021\/09\/merin-hill-bosal-fb-thumb-495x400.jpg\" class=\"wp-image-3503 avia-img-lazy-loading-not-3503 attachment-portfolio size-portfolio wp-post-image\" alt=\"\" \/><\/a><div class=\"slide-content\"><header class=\"entry-content-header\"><h3 class='slide-entry-title entry-title '  itemprop=\"headline\" ><a href='https:\/\/www.bosal.rs\/rs\/lux-sigurnosna-merin-hill\/' title='LUX sigurnosna vrata za Merin Hill'>LUX sigurnosna vrata za Merin Hill<\/a><\/h3><span class=\"blog-categories minor-meta\"><a href=\"https:\/\/www.bosal.rs\/rs\/category\/lux-model\/\" rel=\"tag\">LUX model<\/a>, <a href=\"https:\/\/www.bosal.rs\/rs\/category\/sigurnosna-vrata\/\" rel=\"tag\">Sigurnosna vrata<\/a> <\/span><span class=\"av-vertical-delimiter\"><\/span><\/header><\/div><footer class=\"entry-footer\"><div class=\"slide-meta\"><div class=\"slide-meta-comments\"><a href='https:\/\/www.bosal.rs\/rs\/sigurnosna-vrata-west-65-tower\/#respond'>0 Comments<\/a><\/div><div class=\"slide-meta-del\">\/<\/div><time class='slide-meta-time updated'  itemprop=\"datePublished\" datetime=\"2022-08-30T13:36:00+01:00\" >30 avgusta, 2022<\/time><\/div><\/footer><span class='hidden'>\n\t\t\t\t<span class='av-structured-data'  itemprop=\"image\" itemscope=\"itemscope\" itemtype=\"https:\/\/schema.org\/ImageObject\" >\n\t\t\t\t\t\t<span itemprop='url'>https:\/\/www.bosal.rs\/rs\/wp-content\/uploads\/2021\/09\/merin-hill-bosal-fb-thumb.jpg<\/span>\n\t\t\t\t\t\t<span itemprop='height'>628<\/span>\n\t\t\t\t\t\t<span itemprop='width'>1200<\/span>\n\t\t\t\t<\/span>\n\t\t\t\t<span class='av-structured-data'  itemprop=\"publisher\" itemtype=\"https:\/\/schema.org\/Organization\" itemscope=\"itemscope\" >\n\t\t\t\t\t\t<span itemprop='name'>bosalrs<\/span>\n\t\t\t\t\t\t<span itemprop='logo' itemscope itemtype='https:\/\/schema.org\/ImageObject'>\n\t\t\t\t\t\t\t<span itemprop='url'>https:\/\/www.bosal.rs\/rs\/wp-content\/uploads\/2017\/08\/logo-bosal-final-2017.png<\/span>\n\t\t\t\t\t\t <\/span>\n\t\t\t\t<\/span><span class='av-structured-data'  itemprop=\"author\" itemscope=\"itemscope\" itemtype=\"https:\/\/schema.org\/Person\" ><span itemprop='name'>bosalrs<\/span><\/span><span class='av-structured-data'  itemprop=\"datePublished\" datetime=\"2017-07-04T07:22:34+01:00\" >2021-09-21 09:12:34<\/span><span class='av-structured-data'  itemprop=\"dateModified\" itemtype=\"https:\/\/schema.org\/dateModified\" >2022-05-05 06:58:59<\/span><span class='av-structured-data'  itemprop=\"mainEntityOfPage\" itemtype=\"https:\/\/schema.org\/mainEntityOfPage\" ><span itemprop='name'>LUX sigurnosna vrata za Merin Hill<\/span><\/span><\/span><\/article><article class='slide-entry flex_column  post-entry post-entry-3488 slide-entry-overview slide-loop-28 slide-parity-even  av_one_half  real-thumbnail post-format-standard'  itemscope=\"itemscope\" itemtype=\"https:\/\/schema.org\/BlogPosting\" itemprop=\"blogPost\" ><a href='https:\/\/www.bosal.rs\/rs\/enterijerska-vrata-za-poslovni-prostor-u-dunavskoj-ulici\/' data-rel='slide-1' class='slide-image' title='Enterijerska vrata za poslovni prostor u Dunavskoj ulici'><img width=\"495\" height=\"400\" src=\"https:\/\/www.bosal.rs\/rs\/wp-content\/uploads\/2021\/09\/DUNAVSKA-78-fb-thumb-495x400.jpg\" class=\"wp-image-3489 avia-img-lazy-loading-not-3489 attachment-portfolio size-portfolio wp-post-image\" alt=\"\" \/><\/a><div class=\"slide-content\"><header class=\"entry-content-header\"><h3 class='slide-entry-title entry-title '  itemprop=\"headline\" ><a href='https:\/\/www.bosal.rs\/rs\/enterijerska-vrata-za-poslovni-prostor-u-dunavskoj-ulici\/' title='Enterijerska vrata za poslovni prostor u Dunavskoj ulici'>Enterijerska vrata za poslovni prostor u Dunavskoj ulici<\/a><\/h3><span class=\"blog-categories minor-meta\"><a href=\"https:\/\/www.bosal.rs\/rs\/category\/sobna-vrata\/\" rel=\"tag\">Sobna vrata<\/a> <\/span><span class=\"av-vertical-delimiter\"><\/span><\/header><\/div><footer class=\"entry-footer\"><div class=\"slide-meta\"><div class=\"slide-meta-comments\"><a href='https:\/\/www.bosal.rs\/rs\/sigurnosna-vrata-west-65-tower\/#respond'>0 Comments<\/a><\/div><div class=\"slide-meta-del\">\/<\/div><time class='slide-meta-time updated'  itemprop=\"datePublished\" datetime=\"2022-08-30T13:36:00+01:00\" >30 avgusta, 2022<\/time><\/div><\/footer><span class='hidden'>\n\t\t\t\t<span class='av-structured-data'  itemprop=\"image\" itemscope=\"itemscope\" itemtype=\"https:\/\/schema.org\/ImageObject\" >\n\t\t\t\t\t\t<span itemprop='url'>https:\/\/www.bosal.rs\/rs\/wp-content\/uploads\/2021\/09\/DUNAVSKA-78-fb-thumb.jpg<\/span>\n\t\t\t\t\t\t<span itemprop='height'>628<\/span>\n\t\t\t\t\t\t<span itemprop='width'>1200<\/span>\n\t\t\t\t<\/span>\n\t\t\t\t<span class='av-structured-data'  itemprop=\"publisher\" itemtype=\"https:\/\/schema.org\/Organization\" itemscope=\"itemscope\" >\n\t\t\t\t\t\t<span itemprop='name'>bosalrs<\/span>\n\t\t\t\t\t\t<span itemprop='logo' itemscope itemtype='https:\/\/schema.org\/ImageObject'>\n\t\t\t\t\t\t\t<span itemprop='url'>https:\/\/www.bosal.rs\/rs\/wp-content\/uploads\/2017\/08\/logo-bosal-final-2017.png<\/span>\n\t\t\t\t\t\t <\/span>\n\t\t\t\t<\/span><span class='av-structured-data'  itemprop=\"author\" itemscope=\"itemscope\" itemtype=\"https:\/\/schema.org\/Person\" ><span itemprop='name'>bosalrs<\/span><\/span><span class='av-structured-data'  itemprop=\"datePublished\" datetime=\"2017-07-04T07:22:34+01:00\" >2021-09-03 08:47:13<\/span><span class='av-structured-data'  itemprop=\"dateModified\" itemtype=\"https:\/\/schema.org\/dateModified\" >2021-09-03 08:53:07<\/span><span class='av-structured-data'  itemprop=\"mainEntityOfPage\" itemtype=\"https:\/\/schema.org\/mainEntityOfPage\" ><span itemprop='name'>Enterijerska vrata za poslovni prostor u Dunavskoj ulici<\/span><\/span><\/span><\/article><\/div><div class=\"slide-entry-wrap\"><article class='slide-entry flex_column  post-entry post-entry-3473 slide-entry-overview slide-loop-29 slide-parity-odd  av_one_half first real-thumbnail post-format-standard'  itemscope=\"itemscope\" itemtype=\"https:\/\/schema.org\/BlogPosting\" itemprop=\"blogPost\" ><a href='https:\/\/www.bosal.rs\/rs\/sigurnosna-vrata-standard-plus-za-zgradu-u-ilije-garasanina\/' data-rel='slide-1' class='slide-image' title='Sigurnosna vrata STANDARD PLUS za zgradu u Ilije Gara\u0161anina'><img width=\"495\" height=\"400\" src=\"https:\/\/www.bosal.rs\/rs\/wp-content\/uploads\/2021\/08\/ILIJE-GARASANINA-fb-495x400.jpg\" class=\"wp-image-3474 avia-img-lazy-loading-not-3474 attachment-portfolio size-portfolio wp-post-image\" alt=\"\" \/><\/a><div class=\"slide-content\"><header class=\"entry-content-header\"><h3 class='slide-entry-title entry-title '  itemprop=\"headline\" ><a href='https:\/\/www.bosal.rs\/rs\/sigurnosna-vrata-standard-plus-za-zgradu-u-ilije-garasanina\/' title='Sigurnosna vrata STANDARD PLUS za zgradu u Ilije Gara\u0161anina'>Sigurnosna vrata STANDARD PLUS za zgradu u Ilije Gara\u0161anina<\/a><\/h3><span class=\"blog-categories minor-meta\"><a href=\"https:\/\/www.bosal.rs\/rs\/category\/sigurnosna-vrata\/\" rel=\"tag\">Sigurnosna vrata<\/a>, <a href=\"https:\/\/www.bosal.rs\/rs\/category\/sigurnosna-vrata\/standard-plus-model\/\" rel=\"tag\">STANDARD PLUS model<\/a> <\/span><span class=\"av-vertical-delimiter\"><\/span><\/header><\/div><footer class=\"entry-footer\"><div class=\"slide-meta\"><div class=\"slide-meta-comments\"><a href='https:\/\/www.bosal.rs\/rs\/sigurnosna-vrata-west-65-tower\/#respond'>0 Comments<\/a><\/div><div class=\"slide-meta-del\">\/<\/div><time class='slide-meta-time updated'  itemprop=\"datePublished\" datetime=\"2022-08-30T13:36:00+01:00\" >30 avgusta, 2022<\/time><\/div><\/footer><span class='hidden'>\n\t\t\t\t<span class='av-structured-data'  itemprop=\"image\" itemscope=\"itemscope\" itemtype=\"https:\/\/schema.org\/ImageObject\" >\n\t\t\t\t\t\t<span itemprop='url'>https:\/\/www.bosal.rs\/rs\/wp-content\/uploads\/2021\/08\/ILIJE-GARASANINA-fb.jpg<\/span>\n\t\t\t\t\t\t<span itemprop='height'>628<\/span>\n\t\t\t\t\t\t<span itemprop='width'>1200<\/span>\n\t\t\t\t<\/span>\n\t\t\t\t<span class='av-structured-data'  itemprop=\"publisher\" itemtype=\"https:\/\/schema.org\/Organization\" itemscope=\"itemscope\" >\n\t\t\t\t\t\t<span itemprop='name'>bosalrs<\/span>\n\t\t\t\t\t\t<span itemprop='logo' itemscope itemtype='https:\/\/schema.org\/ImageObject'>\n\t\t\t\t\t\t\t<span itemprop='url'>https:\/\/www.bosal.rs\/rs\/wp-content\/uploads\/2017\/08\/logo-bosal-final-2017.png<\/span>\n\t\t\t\t\t\t <\/span>\n\t\t\t\t<\/span><span class='av-structured-data'  itemprop=\"author\" itemscope=\"itemscope\" itemtype=\"https:\/\/schema.org\/Person\" ><span itemprop='name'>bosalrs<\/span><\/span><span class='av-structured-data'  itemprop=\"datePublished\" datetime=\"2017-07-04T07:22:34+01:00\" >2021-08-06 08:16:48<\/span><span class='av-structured-data'  itemprop=\"dateModified\" itemtype=\"https:\/\/schema.org\/dateModified\" >2021-08-06 08:16:48<\/span><span class='av-structured-data'  itemprop=\"mainEntityOfPage\" itemtype=\"https:\/\/schema.org\/mainEntityOfPage\" ><span itemprop='name'>Sigurnosna vrata STANDARD PLUS za zgradu u Ilije Gara\u0161anina<\/span><\/span><\/span><\/article><article class='slide-entry flex_column  post-entry post-entry-3452 slide-entry-overview slide-loop-30 slide-parity-even  av_one_half  real-thumbnail post-format-standard'  itemscope=\"itemscope\" itemtype=\"https:\/\/schema.org\/BlogPosting\" itemprop=\"blogPost\" ><a href='https:\/\/www.bosal.rs\/rs\/lux-model-sigurnosnih-vrata-za-zgradu-u-branicevskoj-ulici\/' data-rel='slide-1' class='slide-image' title='LUX model sigurnosnih vrata za zgradu u Brani\u010devskoj ulici'><img width=\"495\" height=\"400\" src=\"https:\/\/www.bosal.rs\/rs\/wp-content\/uploads\/2021\/07\/TIM-BRANICEVSKA-7-7-495x400.jpg\" class=\"wp-image-3459 avia-img-lazy-loading-not-3459 attachment-portfolio size-portfolio wp-post-image\" alt=\"\" \/><\/a><div class=\"slide-content\"><header class=\"entry-content-header\"><h3 class='slide-entry-title entry-title '  itemprop=\"headline\" ><a href='https:\/\/www.bosal.rs\/rs\/lux-model-sigurnosnih-vrata-za-zgradu-u-branicevskoj-ulici\/' title='LUX model sigurnosnih vrata za zgradu u Brani\u010devskoj ulici'>LUX model sigurnosnih vrata za zgradu u Brani\u010devskoj ulici<\/a><\/h3><span class=\"blog-categories minor-meta\"><a href=\"https:\/\/www.bosal.rs\/rs\/category\/lux-model\/\" rel=\"tag\">LUX model<\/a>, <a href=\"https:\/\/www.bosal.rs\/rs\/category\/sigurnosna-vrata\/\" rel=\"tag\">Sigurnosna vrata<\/a> <\/span><span class=\"av-vertical-delimiter\"><\/span><\/header><\/div><footer class=\"entry-footer\"><div class=\"slide-meta\"><div class=\"slide-meta-comments\"><a href='https:\/\/www.bosal.rs\/rs\/sigurnosna-vrata-west-65-tower\/#respond'>0 Comments<\/a><\/div><div class=\"slide-meta-del\">\/<\/div><time class='slide-meta-time updated'  itemprop=\"datePublished\" datetime=\"2022-08-30T13:36:00+01:00\" >30 avgusta, 2022<\/time><\/div><\/footer><span class='hidden'>\n\t\t\t\t<span class='av-structured-data'  itemprop=\"image\" itemscope=\"itemscope\" itemtype=\"https:\/\/schema.org\/ImageObject\" >\n\t\t\t\t\t\t<span itemprop='url'>https:\/\/www.bosal.rs\/rs\/wp-content\/uploads\/2021\/07\/TIM-BRANICEVSKA-7-7.jpg<\/span>\n\t\t\t\t\t\t<span itemprop='height'>900<\/span>\n\t\t\t\t\t\t<span itemprop='width'>600<\/span>\n\t\t\t\t<\/span>\n\t\t\t\t<span class='av-structured-data'  itemprop=\"publisher\" itemtype=\"https:\/\/schema.org\/Organization\" itemscope=\"itemscope\" >\n\t\t\t\t\t\t<span itemprop='name'>bosalrs<\/span>\n\t\t\t\t\t\t<span itemprop='logo' itemscope itemtype='https:\/\/schema.org\/ImageObject'>\n\t\t\t\t\t\t\t<span itemprop='url'>https:\/\/www.bosal.rs\/rs\/wp-content\/uploads\/2017\/08\/logo-bosal-final-2017.png<\/span>\n\t\t\t\t\t\t <\/span>\n\t\t\t\t<\/span><span class='av-structured-data'  itemprop=\"author\" itemscope=\"itemscope\" itemtype=\"https:\/\/schema.org\/Person\" ><span itemprop='name'>bosalrs<\/span><\/span><span class='av-structured-data'  itemprop=\"datePublished\" datetime=\"2017-07-04T07:22:34+01:00\" >2021-07-20 08:27:40<\/span><span class='av-structured-data'  itemprop=\"dateModified\" itemtype=\"https:\/\/schema.org\/dateModified\" >2021-07-27 05:27:21<\/span><span class='av-structured-data'  itemprop=\"mainEntityOfPage\" itemtype=\"https:\/\/schema.org\/mainEntityOfPage\" ><span itemprop='name'>LUX model sigurnosnih vrata za zgradu u Brani\u010devskoj ulici<\/span><\/span><\/span><\/article><\/div><div class=\"slide-entry-wrap\"><article class='slide-entry flex_column  post-entry post-entry-3417 slide-entry-overview slide-loop-31 slide-parity-odd  av_one_half first real-thumbnail post-format-standard'  itemscope=\"itemscope\" itemtype=\"https:\/\/schema.org\/BlogPosting\" itemprop=\"blogPost\" ><a href='https:\/\/www.bosal.rs\/rs\/sigurnosna-i-sobna-vrata-za-zgradu-u-subotici\/' data-rel='slide-1' class='slide-image' title='Sigurnosna i sobna vrata za zgradu u Subotici'><img width=\"495\" height=\"400\" src=\"https:\/\/www.bosal.rs\/rs\/wp-content\/uploads\/2021\/04\/bosal-subotica-preview-fb-2-495x400.jpg\" class=\"wp-image-3431 avia-img-lazy-loading-not-3431 attachment-portfolio size-portfolio wp-post-image\" alt=\"\" \/><\/a><div class=\"slide-content\"><header class=\"entry-content-header\"><h3 class='slide-entry-title entry-title '  itemprop=\"headline\" ><a href='https:\/\/www.bosal.rs\/rs\/sigurnosna-i-sobna-vrata-za-zgradu-u-subotici\/' title='Sigurnosna i sobna vrata za zgradu u Subotici'>Sigurnosna i sobna vrata za zgradu u Subotici<\/a><\/h3><span class=\"blog-categories minor-meta\"><a href=\"https:\/\/www.bosal.rs\/rs\/category\/lux-model\/\" rel=\"tag\">LUX model<\/a>, <a href=\"https:\/\/www.bosal.rs\/rs\/category\/sobna-vrata\/\" rel=\"tag\">Sobna vrata<\/a> <\/span><span class=\"av-vertical-delimiter\"><\/span><\/header><\/div><footer class=\"entry-footer\"><div class=\"slide-meta\"><div class=\"slide-meta-comments\"><a href='https:\/\/www.bosal.rs\/rs\/sigurnosna-vrata-west-65-tower\/#respond'>0 Comments<\/a><\/div><div class=\"slide-meta-del\">\/<\/div><time class='slide-meta-time updated'  itemprop=\"datePublished\" datetime=\"2022-08-30T13:36:00+01:00\" >30 avgusta, 2022<\/time><\/div><\/footer><span class='hidden'>\n\t\t\t\t<span class='av-structured-data'  itemprop=\"image\" itemscope=\"itemscope\" itemtype=\"https:\/\/schema.org\/ImageObject\" >\n\t\t\t\t\t\t<span itemprop='url'>https:\/\/www.bosal.rs\/rs\/wp-content\/uploads\/2021\/04\/bosal-subotica-preview-fb-2.jpg<\/span>\n\t\t\t\t\t\t<span itemprop='height'>628<\/span>\n\t\t\t\t\t\t<span itemprop='width'>1200<\/span>\n\t\t\t\t<\/span>\n\t\t\t\t<span class='av-structured-data'  itemprop=\"publisher\" itemtype=\"https:\/\/schema.org\/Organization\" itemscope=\"itemscope\" >\n\t\t\t\t\t\t<span itemprop='name'>bosalrs<\/span>\n\t\t\t\t\t\t<span itemprop='logo' itemscope itemtype='https:\/\/schema.org\/ImageObject'>\n\t\t\t\t\t\t\t<span itemprop='url'>https:\/\/www.bosal.rs\/rs\/wp-content\/uploads\/2017\/08\/logo-bosal-final-2017.png<\/span>\n\t\t\t\t\t\t <\/span>\n\t\t\t\t<\/span><span class='av-structured-data'  itemprop=\"author\" itemscope=\"itemscope\" itemtype=\"https:\/\/schema.org\/Person\" ><span itemprop='name'>bosalrs<\/span><\/span><span class='av-structured-data'  itemprop=\"datePublished\" datetime=\"2017-07-04T07:22:34+01:00\" >2021-04-07 05:25:27<\/span><span class='av-structured-data'  itemprop=\"dateModified\" itemtype=\"https:\/\/schema.org\/dateModified\" >2021-04-07 05:30:19<\/span><span class='av-structured-data'  itemprop=\"mainEntityOfPage\" itemtype=\"https:\/\/schema.org\/mainEntityOfPage\" ><span itemprop='name'>Sigurnosna i sobna vrata za zgradu u Subotici<\/span><\/span><\/span><\/article><article class='slide-entry flex_column  post-entry post-entry-3392 slide-entry-overview slide-loop-32 slide-parity-even  av_one_half  real-thumbnail post-format-standard'  itemscope=\"itemscope\" itemtype=\"https:\/\/schema.org\/BlogPosting\" itemprop=\"blogPost\" ><a href='https:\/\/www.bosal.rs\/rs\/preko-900-ugradjenih-sigurnosnih-vrata-za-zemunske-kapije\/' data-rel='slide-1' class='slide-image' title='Preko 900 ugra\u0111enih sigurnosnih vrata za Zemunske kapije!'><img width=\"495\" height=\"400\" src=\"https:\/\/www.bosal.rs\/rs\/wp-content\/uploads\/2021\/02\/DSC_0145-1-495x400.jpg\" class=\"wp-image-3397 avia-img-lazy-loading-not-3397 attachment-portfolio size-portfolio wp-post-image\" alt=\"\" \/><\/a><div class=\"slide-content\"><header class=\"entry-content-header\"><h3 class='slide-entry-title entry-title '  itemprop=\"headline\" ><a href='https:\/\/www.bosal.rs\/rs\/preko-900-ugradjenih-sigurnosnih-vrata-za-zemunske-kapije\/' title='Preko 900 ugra\u0111enih sigurnosnih vrata za Zemunske kapije!'>Preko 900 ugra\u0111enih sigurnosnih vrata za Zemunske kapije!<\/a><\/h3><span class=\"blog-categories minor-meta\"><a href=\"https:\/\/www.bosal.rs\/rs\/category\/sigurnosna-vrata\/classic-model\/\" rel=\"tag\">CLASSIC model<\/a>, <a href=\"https:\/\/www.bosal.rs\/rs\/category\/sigurnosna-vrata\/\" rel=\"tag\">Sigurnosna vrata<\/a> <\/span><span class=\"av-vertical-delimiter\"><\/span><\/header><\/div><footer class=\"entry-footer\"><div class=\"slide-meta\"><div class=\"slide-meta-comments\"><a href='https:\/\/www.bosal.rs\/rs\/sigurnosna-vrata-west-65-tower\/#respond'>0 Comments<\/a><\/div><div class=\"slide-meta-del\">\/<\/div><time class='slide-meta-time updated'  itemprop=\"datePublished\" datetime=\"2022-08-30T13:36:00+01:00\" >30 avgusta, 2022<\/time><\/div><\/footer><span class='hidden'>\n\t\t\t\t<span class='av-structured-data'  itemprop=\"image\" itemscope=\"itemscope\" itemtype=\"https:\/\/schema.org\/ImageObject\" >\n\t\t\t\t\t\t<span itemprop='url'>https:\/\/www.bosal.rs\/rs\/wp-content\/uploads\/2021\/02\/DSC_0145-1.jpg<\/span>\n\t\t\t\t\t\t<span itemprop='height'>600<\/span>\n\t\t\t\t\t\t<span itemprop='width'>900<\/span>\n\t\t\t\t<\/span>\n\t\t\t\t<span class='av-structured-data'  itemprop=\"publisher\" itemtype=\"https:\/\/schema.org\/Organization\" itemscope=\"itemscope\" >\n\t\t\t\t\t\t<span itemprop='name'>bosalrs<\/span>\n\t\t\t\t\t\t<span itemprop='logo' itemscope itemtype='https:\/\/schema.org\/ImageObject'>\n\t\t\t\t\t\t\t<span itemprop='url'>https:\/\/www.bosal.rs\/rs\/wp-content\/uploads\/2017\/08\/logo-bosal-final-2017.png<\/span>\n\t\t\t\t\t\t <\/span>\n\t\t\t\t<\/span><span class='av-structured-data'  itemprop=\"author\" itemscope=\"itemscope\" itemtype=\"https:\/\/schema.org\/Person\" ><span itemprop='name'>bosalrs<\/span><\/span><span class='av-structured-data'  itemprop=\"datePublished\" datetime=\"2017-07-04T07:22:34+01:00\" >2021-02-26 08:22:58<\/span><span class='av-structured-data'  itemprop=\"dateModified\" itemtype=\"https:\/\/schema.org\/dateModified\" >2021-02-26 08:22:58<\/span><span class='av-structured-data'  itemprop=\"mainEntityOfPage\" itemtype=\"https:\/\/schema.org\/mainEntityOfPage\" ><span itemprop='name'>Preko 900 ugra\u0111enih sigurnosnih vrata za Zemunske kapije!<\/span><\/span><\/span><\/article><\/div><div class=\"slide-entry-wrap\"><article class='slide-entry flex_column  post-entry post-entry-3360 slide-entry-overview slide-loop-33 slide-parity-odd  av_one_half first real-thumbnail post-format-standard'  itemscope=\"itemscope\" itemtype=\"https:\/\/schema.org\/BlogPosting\" itemprop=\"blogPost\" ><a href='https:\/\/www.bosal.rs\/rs\/174-lux-sigurnosnih-vrata-za-kompleks-gornji-grad-u-zemunu\/' data-rel='slide-1' class='slide-image' title='174 LUX sigurnosnih vrata za kompleks &#8222;Gornji grad&#8220; u Zemunu'><img width=\"495\" height=\"400\" src=\"https:\/\/www.bosal.rs\/rs\/wp-content\/uploads\/2021\/02\/bosal-zemun-gornji-grad-baner-495x400.jpg\" class=\"wp-image-3361 avia-img-lazy-loading-not-3361 attachment-portfolio size-portfolio wp-post-image\" alt=\"\" \/><\/a><div class=\"slide-content\"><header class=\"entry-content-header\"><h3 class='slide-entry-title entry-title '  itemprop=\"headline\" ><a href='https:\/\/www.bosal.rs\/rs\/174-lux-sigurnosnih-vrata-za-kompleks-gornji-grad-u-zemunu\/' title='174 LUX sigurnosnih vrata za kompleks &#8222;Gornji grad&#8220; u Zemunu'>174 LUX sigurnosnih vrata za kompleks &#8222;Gornji grad&#8220; u Zemunu<\/a><\/h3><span class=\"blog-categories minor-meta\"><a href=\"https:\/\/www.bosal.rs\/rs\/category\/lux-model\/\" rel=\"tag\">LUX model<\/a>, <a href=\"https:\/\/www.bosal.rs\/rs\/category\/sigurnosna-vrata\/\" rel=\"tag\">Sigurnosna vrata<\/a> <\/span><span class=\"av-vertical-delimiter\"><\/span><\/header><\/div><footer class=\"entry-footer\"><div class=\"slide-meta\"><div class=\"slide-meta-comments\"><a href='https:\/\/www.bosal.rs\/rs\/sigurnosna-vrata-west-65-tower\/#respond'>0 Comments<\/a><\/div><div class=\"slide-meta-del\">\/<\/div><time class='slide-meta-time updated'  itemprop=\"datePublished\" datetime=\"2022-08-30T13:36:00+01:00\" >30 avgusta, 2022<\/time><\/div><\/footer><span class='hidden'>\n\t\t\t\t<span class='av-structured-data'  itemprop=\"image\" itemscope=\"itemscope\" itemtype=\"https:\/\/schema.org\/ImageObject\" >\n\t\t\t\t\t\t<span itemprop='url'>https:\/\/www.bosal.rs\/rs\/wp-content\/uploads\/2021\/02\/bosal-zemun-gornji-grad-baner.jpg<\/span>\n\t\t\t\t\t\t<span itemprop='height'>628<\/span>\n\t\t\t\t\t\t<span itemprop='width'>1200<\/span>\n\t\t\t\t<\/span>\n\t\t\t\t<span class='av-structured-data'  itemprop=\"publisher\" itemtype=\"https:\/\/schema.org\/Organization\" itemscope=\"itemscope\" >\n\t\t\t\t\t\t<span itemprop='name'>bosalrs<\/span>\n\t\t\t\t\t\t<span itemprop='logo' itemscope itemtype='https:\/\/schema.org\/ImageObject'>\n\t\t\t\t\t\t\t<span itemprop='url'>https:\/\/www.bosal.rs\/rs\/wp-content\/uploads\/2017\/08\/logo-bosal-final-2017.png<\/span>\n\t\t\t\t\t\t <\/span>\n\t\t\t\t<\/span><span class='av-structured-data'  itemprop=\"author\" itemscope=\"itemscope\" itemtype=\"https:\/\/schema.org\/Person\" ><span itemprop='name'>bosalrs<\/span><\/span><span class='av-structured-data'  itemprop=\"datePublished\" datetime=\"2017-07-04T07:22:34+01:00\" >2021-02-01 06:21:54<\/span><span class='av-structured-data'  itemprop=\"dateModified\" itemtype=\"https:\/\/schema.org\/dateModified\" >2021-02-01 06:23:05<\/span><span class='av-structured-data'  itemprop=\"mainEntityOfPage\" itemtype=\"https:\/\/schema.org\/mainEntityOfPage\" ><span itemprop='name'>174 LUX sigurnosnih vrata za kompleks &#8222;Gornji grad&#8220; u Zemunu<\/span><\/span><\/span><\/article><article class='slide-entry flex_column  post-entry post-entry-3301 slide-entry-overview slide-loop-34 slide-parity-even  av_one_half  real-thumbnail post-format-standard'  itemscope=\"itemscope\" itemtype=\"https:\/\/schema.org\/BlogPosting\" itemprop=\"blogPost\" ><a href='https:\/\/www.bosal.rs\/rs\/hotelska-vrata-za-sky-garni-hotel-u-beogradu\/' data-rel='slide-1' class='slide-image' title='Hotelska vrata za &#8222;Sky&#8220; Garni hotel u Beogradu'><img width=\"495\" height=\"400\" src=\"https:\/\/www.bosal.rs\/rs\/wp-content\/uploads\/2020\/12\/IMG_9533-495x400.jpg\" class=\"wp-image-3312 avia-img-lazy-loading-not-3312 attachment-portfolio size-portfolio wp-post-image\" alt=\"\" \/><\/a><div class=\"slide-content\"><header class=\"entry-content-header\"><h3 class='slide-entry-title entry-title '  itemprop=\"headline\" ><a href='https:\/\/www.bosal.rs\/rs\/hotelska-vrata-za-sky-garni-hotel-u-beogradu\/' title='Hotelska vrata za &#8222;Sky&#8220; Garni hotel u Beogradu'>Hotelska vrata za &#8222;Sky&#8220; Garni hotel u Beogradu<\/a><\/h3><span class=\"blog-categories minor-meta\"><a href=\"https:\/\/www.bosal.rs\/rs\/category\/hotelska-vrata\/\" rel=\"tag\">Hotelska vrata<\/a>, <a href=\"https:\/\/www.bosal.rs\/rs\/category\/sobna-vrata\/\" rel=\"tag\">Sobna vrata<\/a> <\/span><span class=\"av-vertical-delimiter\"><\/span><\/header><\/div><footer class=\"entry-footer\"><div class=\"slide-meta\"><div class=\"slide-meta-comments\"><a href='https:\/\/www.bosal.rs\/rs\/sigurnosna-vrata-west-65-tower\/#respond'>0 Comments<\/a><\/div><div class=\"slide-meta-del\">\/<\/div><time class='slide-meta-time updated'  itemprop=\"datePublished\" datetime=\"2022-08-30T13:36:00+01:00\" >30 avgusta, 2022<\/time><\/div><\/footer><span class='hidden'>\n\t\t\t\t<span class='av-structured-data'  itemprop=\"image\" itemscope=\"itemscope\" itemtype=\"https:\/\/schema.org\/ImageObject\" >\n\t\t\t\t\t\t<span itemprop='url'>https:\/\/www.bosal.rs\/rs\/wp-content\/uploads\/2020\/12\/IMG_9533.jpg<\/span>\n\t\t\t\t\t\t<span itemprop='height'>900<\/span>\n\t\t\t\t\t\t<span itemprop='width'>600<\/span>\n\t\t\t\t<\/span>\n\t\t\t\t<span class='av-structured-data'  itemprop=\"publisher\" itemtype=\"https:\/\/schema.org\/Organization\" itemscope=\"itemscope\" >\n\t\t\t\t\t\t<span itemprop='name'>bosalrs<\/span>\n\t\t\t\t\t\t<span itemprop='logo' itemscope itemtype='https:\/\/schema.org\/ImageObject'>\n\t\t\t\t\t\t\t<span itemprop='url'>https:\/\/www.bosal.rs\/rs\/wp-content\/uploads\/2017\/08\/logo-bosal-final-2017.png<\/span>\n\t\t\t\t\t\t <\/span>\n\t\t\t\t<\/span><span class='av-structured-data'  itemprop=\"author\" itemscope=\"itemscope\" itemtype=\"https:\/\/schema.org\/Person\" ><span itemprop='name'>bosalrs<\/span><\/span><span class='av-structured-data'  itemprop=\"datePublished\" datetime=\"2017-07-04T07:22:34+01:00\" >2020-12-28 04:35:41<\/span><span class='av-structured-data'  itemprop=\"dateModified\" itemtype=\"https:\/\/schema.org\/dateModified\" >2020-12-28 04:41:27<\/span><span class='av-structured-data'  itemprop=\"mainEntityOfPage\" itemtype=\"https:\/\/schema.org\/mainEntityOfPage\" ><span itemprop='name'>Hotelska vrata za &#8222;Sky&#8220; Garni hotel u Beogradu<\/span><\/span><\/span><\/article><\/div><div class=\"slide-entry-wrap\"><article class='slide-entry flex_column  post-entry post-entry-3263 slide-entry-overview slide-loop-35 slide-parity-odd  av_one_half first real-thumbnail post-format-standard'  itemscope=\"itemscope\" itemtype=\"https:\/\/schema.org\/BlogPosting\" itemprop=\"blogPost\" ><a href='https:\/\/www.bosal.rs\/rs\/137-bosal-lux-vrata-za-skyline\/' data-rel='slide-1' class='slide-image' title='137 BOSAL LUX vrata za SKYLINE kompleks!'><img width=\"495\" height=\"400\" src=\"https:\/\/www.bosal.rs\/rs\/wp-content\/uploads\/2020\/11\/baner-skyline-495x400.jpg\" class=\"wp-image-3264 avia-img-lazy-loading-not-3264 attachment-portfolio size-portfolio wp-post-image\" alt=\"\" \/><\/a><div class=\"slide-content\"><header class=\"entry-content-header\"><h3 class='slide-entry-title entry-title '  itemprop=\"headline\" ><a href='https:\/\/www.bosal.rs\/rs\/137-bosal-lux-vrata-za-skyline\/' title='137 BOSAL LUX vrata za SKYLINE kompleks!'>137 BOSAL LUX vrata za SKYLINE kompleks!<\/a><\/h3><span class=\"blog-categories minor-meta\"><a href=\"https:\/\/www.bosal.rs\/rs\/category\/lux-model\/\" rel=\"tag\">LUX model<\/a>, <a href=\"https:\/\/www.bosal.rs\/rs\/category\/sigurnosna-vrata\/\" rel=\"tag\">Sigurnosna vrata<\/a>, <a href=\"https:\/\/www.bosal.rs\/rs\/category\/sobna-vrata\/\" rel=\"tag\">Sobna vrata<\/a> <\/span><span class=\"av-vertical-delimiter\"><\/span><\/header><\/div><footer class=\"entry-footer\"><div class=\"slide-meta\"><div class=\"slide-meta-comments\"><a href='https:\/\/www.bosal.rs\/rs\/sigurnosna-vrata-west-65-tower\/#respond'>0 Comments<\/a><\/div><div class=\"slide-meta-del\">\/<\/div><time class='slide-meta-time updated'  itemprop=\"datePublished\" datetime=\"2022-08-30T13:36:00+01:00\" >30 avgusta, 2022<\/time><\/div><\/footer><span class='hidden'>\n\t\t\t\t<span class='av-structured-data'  itemprop=\"image\" itemscope=\"itemscope\" itemtype=\"https:\/\/schema.org\/ImageObject\" >\n\t\t\t\t\t\t<span itemprop='url'>https:\/\/www.bosal.rs\/rs\/wp-content\/uploads\/2020\/11\/baner-skyline.jpg<\/span>\n\t\t\t\t\t\t<span itemprop='height'>628<\/span>\n\t\t\t\t\t\t<span itemprop='width'>1200<\/span>\n\t\t\t\t<\/span>\n\t\t\t\t<span class='av-structured-data'  itemprop=\"publisher\" itemtype=\"https:\/\/schema.org\/Organization\" itemscope=\"itemscope\" >\n\t\t\t\t\t\t<span itemprop='name'>bosalrs<\/span>\n\t\t\t\t\t\t<span itemprop='logo' itemscope itemtype='https:\/\/schema.org\/ImageObject'>\n\t\t\t\t\t\t\t<span itemprop='url'>https:\/\/www.bosal.rs\/rs\/wp-content\/uploads\/2017\/08\/logo-bosal-final-2017.png<\/span>\n\t\t\t\t\t\t <\/span>\n\t\t\t\t<\/span><span class='av-structured-data'  itemprop=\"author\" itemscope=\"itemscope\" itemtype=\"https:\/\/schema.org\/Person\" ><span itemprop='name'>bosalrs<\/span><\/span><span class='av-structured-data'  itemprop=\"datePublished\" datetime=\"2017-07-04T07:22:34+01:00\" >2020-11-24 09:51:27<\/span><span class='av-structured-data'  itemprop=\"dateModified\" itemtype=\"https:\/\/schema.org\/dateModified\" >2020-11-24 09:56:19<\/span><span class='av-structured-data'  itemprop=\"mainEntityOfPage\" itemtype=\"https:\/\/schema.org\/mainEntityOfPage\" ><span itemprop='name'>137 BOSAL LUX vrata za SKYLINE kompleks!<\/span><\/span><\/span><\/article><article class='slide-entry flex_column  post-entry post-entry-3176 slide-entry-overview slide-loop-36 slide-parity-even  av_one_half  real-thumbnail post-format-standard'  itemscope=\"itemscope\" itemtype=\"https:\/\/schema.org\/BlogPosting\" itemprop=\"blogPost\" ><a href='https:\/\/www.bosal.rs\/rs\/hotelska-vrata-za-garni-hotel-opera\/' data-rel='slide-1' class='slide-image' title='Hotelska vrata za Garni hotel &#8222;Opera&#8220; u Beogradu'><img width=\"495\" height=\"400\" src=\"https:\/\/www.bosal.rs\/rs\/wp-content\/uploads\/2020\/10\/hotel-opera-baner-495x400.jpg\" class=\"wp-image-3174 avia-img-lazy-loading-not-3174 attachment-portfolio size-portfolio wp-post-image\" alt=\"\" \/><\/a><div class=\"slide-content\"><header class=\"entry-content-header\"><h3 class='slide-entry-title entry-title '  itemprop=\"headline\" ><a href='https:\/\/www.bosal.rs\/rs\/hotelska-vrata-za-garni-hotel-opera\/' title='Hotelska vrata za Garni hotel &#8222;Opera&#8220; u Beogradu'>Hotelska vrata za Garni hotel &#8222;Opera&#8220; u Beogradu<\/a><\/h3><span class=\"blog-categories minor-meta\"><a href=\"https:\/\/www.bosal.rs\/rs\/category\/hotelska-vrata\/\" rel=\"tag\">Hotelska vrata<\/a>, <a href=\"https:\/\/www.bosal.rs\/rs\/category\/sobna-vrata\/\" rel=\"tag\">Sobna vrata<\/a> <\/span><span class=\"av-vertical-delimiter\"><\/span><\/header><\/div><footer class=\"entry-footer\"><div class=\"slide-meta\"><div class=\"slide-meta-comments\"><a href='https:\/\/www.bosal.rs\/rs\/sigurnosna-vrata-west-65-tower\/#respond'>0 Comments<\/a><\/div><div class=\"slide-meta-del\">\/<\/div><time class='slide-meta-time updated'  itemprop=\"datePublished\" datetime=\"2022-08-30T13:36:00+01:00\" >30 avgusta, 2022<\/time><\/div><\/footer><span class='hidden'>\n\t\t\t\t<span class='av-structured-data'  itemprop=\"image\" itemscope=\"itemscope\" itemtype=\"https:\/\/schema.org\/ImageObject\" >\n\t\t\t\t\t\t<span itemprop='url'>https:\/\/www.bosal.rs\/rs\/wp-content\/uploads\/2020\/10\/hotel-opera-baner.jpg<\/span>\n\t\t\t\t\t\t<span itemprop='height'>628<\/span>\n\t\t\t\t\t\t<span itemprop='width'>1200<\/span>\n\t\t\t\t<\/span>\n\t\t\t\t<span class='av-structured-data'  itemprop=\"publisher\" itemtype=\"https:\/\/schema.org\/Organization\" itemscope=\"itemscope\" >\n\t\t\t\t\t\t<span itemprop='name'>bosalrs<\/span>\n\t\t\t\t\t\t<span itemprop='logo' itemscope itemtype='https:\/\/schema.org\/ImageObject'>\n\t\t\t\t\t\t\t<span itemprop='url'>https:\/\/www.bosal.rs\/rs\/wp-content\/uploads\/2017\/08\/logo-bosal-final-2017.png<\/span>\n\t\t\t\t\t\t <\/span>\n\t\t\t\t<\/span><span class='av-structured-data'  itemprop=\"author\" itemscope=\"itemscope\" itemtype=\"https:\/\/schema.org\/Person\" ><span itemprop='name'>bosalrs<\/span><\/span><span class='av-structured-data'  itemprop=\"datePublished\" datetime=\"2017-07-04T07:22:34+01:00\" >2020-10-05 04:10:00<\/span><span class='av-structured-data'  itemprop=\"dateModified\" itemtype=\"https:\/\/schema.org\/dateModified\" >2020-10-05 16:07:21<\/span><span class='av-structured-data'  itemprop=\"mainEntityOfPage\" itemtype=\"https:\/\/schema.org\/mainEntityOfPage\" ><span itemprop='name'>Hotelska vrata za Garni hotel &#8222;Opera&#8220; u Beogradu<\/span><\/span><\/span><\/article><\/div><div class=\"slide-entry-wrap\"><article class='slide-entry flex_column  post-entry post-entry-3150 slide-entry-overview slide-loop-37 slide-parity-odd  av_one_half first real-thumbnail post-format-standard'  itemscope=\"itemscope\" itemtype=\"https:\/\/schema.org\/BlogPosting\" itemprop=\"blogPost\" ><a href='https:\/\/www.bosal.rs\/rs\/uloga-sigurnosnih-vrata-u-pozaru-na-novom-beogradu\/' data-rel='slide-1' class='slide-image' title='Uloga sigurnosnih vrata u po\u017earu na Novom Beogradu'><img width=\"495\" height=\"400\" src=\"https:\/\/www.bosal.rs\/rs\/wp-content\/uploads\/2020\/09\/pozar-nbg-baner-2-495x400.jpg\" class=\"wp-image-3298 avia-img-lazy-loading-not-3298 attachment-portfolio size-portfolio wp-post-image\" alt=\"\" \/><\/a><div class=\"slide-content\"><header class=\"entry-content-header\"><h3 class='slide-entry-title entry-title '  itemprop=\"headline\" ><a href='https:\/\/www.bosal.rs\/rs\/uloga-sigurnosnih-vrata-u-pozaru-na-novom-beogradu\/' title='Uloga sigurnosnih vrata u po\u017earu na Novom Beogradu'>Uloga sigurnosnih vrata u po\u017earu na Novom Beogradu<\/a><\/h3><span class=\"blog-categories minor-meta\"><a href=\"https:\/\/www.bosal.rs\/rs\/category\/lux-model\/\" rel=\"tag\">LUX model<\/a>, <a href=\"https:\/\/www.bosal.rs\/rs\/category\/sigurnosna-vrata\/\" rel=\"tag\">Sigurnosna vrata<\/a> <\/span><span class=\"av-vertical-delimiter\"><\/span><\/header><\/div><footer class=\"entry-footer\"><div class=\"slide-meta\"><div class=\"slide-meta-comments\"><a href='https:\/\/www.bosal.rs\/rs\/sigurnosna-vrata-west-65-tower\/#respond'>0 Comments<\/a><\/div><div class=\"slide-meta-del\">\/<\/div><time class='slide-meta-time updated'  itemprop=\"datePublished\" datetime=\"2022-08-30T13:36:00+01:00\" >30 avgusta, 2022<\/time><\/div><\/footer><span class='hidden'>\n\t\t\t\t<span class='av-structured-data'  itemprop=\"image\" itemscope=\"itemscope\" itemtype=\"https:\/\/schema.org\/ImageObject\" >\n\t\t\t\t\t\t<span itemprop='url'>https:\/\/www.bosal.rs\/rs\/wp-content\/uploads\/2020\/09\/pozar-nbg-baner-2.jpg<\/span>\n\t\t\t\t\t\t<span itemprop='height'>628<\/span>\n\t\t\t\t\t\t<span itemprop='width'>1200<\/span>\n\t\t\t\t<\/span>\n\t\t\t\t<span class='av-structured-data'  itemprop=\"publisher\" itemtype=\"https:\/\/schema.org\/Organization\" itemscope=\"itemscope\" >\n\t\t\t\t\t\t<span itemprop='name'>bosalrs<\/span>\n\t\t\t\t\t\t<span itemprop='logo' itemscope itemtype='https:\/\/schema.org\/ImageObject'>\n\t\t\t\t\t\t\t<span itemprop='url'>https:\/\/www.bosal.rs\/rs\/wp-content\/uploads\/2017\/08\/logo-bosal-final-2017.png<\/span>\n\t\t\t\t\t\t <\/span>\n\t\t\t\t<\/span><span class='av-structured-data'  itemprop=\"author\" itemscope=\"itemscope\" itemtype=\"https:\/\/schema.org\/Person\" ><span itemprop='name'>bosalrs<\/span><\/span><span class='av-structured-data'  itemprop=\"datePublished\" datetime=\"2017-07-04T07:22:34+01:00\" >2020-09-20 13:28:53<\/span><span class='av-structured-data'  itemprop=\"dateModified\" itemtype=\"https:\/\/schema.org\/dateModified\" >2020-12-22 06:07:34<\/span><span class='av-structured-data'  itemprop=\"mainEntityOfPage\" itemtype=\"https:\/\/schema.org\/mainEntityOfPage\" ><span itemprop='name'>Uloga sigurnosnih vrata u po\u017earu na Novom Beogradu<\/span><\/span><\/span><\/article><article class='slide-entry flex_column  post-entry post-entry-3132 slide-entry-overview slide-loop-38 slide-parity-even  av_one_half  real-thumbnail post-format-standard'  itemscope=\"itemscope\" itemtype=\"https:\/\/schema.org\/BlogPosting\" itemprop=\"blogPost\" ><a href='https:\/\/www.bosal.rs\/rs\/sigurnosna-vrata-za-new-south-juzni-bulevar\/' data-rel='slide-1' class='slide-image' title='Sigurnosna vrata za &#8222;New South&#8220; &#8211; Ju\u017eni bulevar'><img width=\"495\" height=\"400\" src=\"https:\/\/www.bosal.rs\/rs\/wp-content\/uploads\/2020\/08\/fb-thumb-495x400.jpg\" class=\"wp-image-3133 avia-img-lazy-loading-not-3133 attachment-portfolio size-portfolio wp-post-image\" alt=\"\" \/><\/a><div class=\"slide-content\"><header class=\"entry-content-header\"><h3 class='slide-entry-title entry-title '  itemprop=\"headline\" ><a href='https:\/\/www.bosal.rs\/rs\/sigurnosna-vrata-za-new-south-juzni-bulevar\/' title='Sigurnosna vrata za &#8222;New South&#8220; &#8211; Ju\u017eni bulevar'>Sigurnosna vrata za &#8222;New South&#8220; &#8211; Ju\u017eni bulevar<\/a><\/h3><span class=\"blog-categories minor-meta\"><a href=\"https:\/\/www.bosal.rs\/rs\/category\/sigurnosna-vrata\/\" rel=\"tag\">Sigurnosna vrata<\/a> <\/span><span class=\"av-vertical-delimiter\"><\/span><\/header><\/div><footer class=\"entry-footer\"><div class=\"slide-meta\"><div class=\"slide-meta-comments\"><a href='https:\/\/www.bosal.rs\/rs\/sigurnosna-vrata-west-65-tower\/#respond'>0 Comments<\/a><\/div><div class=\"slide-meta-del\">\/<\/div><time class='slide-meta-time updated'  itemprop=\"datePublished\" datetime=\"2022-08-30T13:36:00+01:00\" >30 avgusta, 2022<\/time><\/div><\/footer><span class='hidden'>\n\t\t\t\t<span class='av-structured-data'  itemprop=\"image\" itemscope=\"itemscope\" itemtype=\"https:\/\/schema.org\/ImageObject\" >\n\t\t\t\t\t\t<span itemprop='url'>https:\/\/www.bosal.rs\/rs\/wp-content\/uploads\/2020\/08\/fb-thumb.jpg<\/span>\n\t\t\t\t\t\t<span itemprop='height'>628<\/span>\n\t\t\t\t\t\t<span itemprop='width'>1200<\/span>\n\t\t\t\t<\/span>\n\t\t\t\t<span class='av-structured-data'  itemprop=\"publisher\" itemtype=\"https:\/\/schema.org\/Organization\" itemscope=\"itemscope\" >\n\t\t\t\t\t\t<span itemprop='name'>bosalrs<\/span>\n\t\t\t\t\t\t<span itemprop='logo' itemscope itemtype='https:\/\/schema.org\/ImageObject'>\n\t\t\t\t\t\t\t<span itemprop='url'>https:\/\/www.bosal.rs\/rs\/wp-content\/uploads\/2017\/08\/logo-bosal-final-2017.png<\/span>\n\t\t\t\t\t\t <\/span>\n\t\t\t\t<\/span><span class='av-structured-data'  itemprop=\"author\" itemscope=\"itemscope\" itemtype=\"https:\/\/schema.org\/Person\" ><span itemprop='name'>bosalrs<\/span><\/span><span class='av-structured-data'  itemprop=\"datePublished\" datetime=\"2017-07-04T07:22:34+01:00\" >2020-08-23 17:06:43<\/span><span class='av-structured-data'  itemprop=\"dateModified\" itemtype=\"https:\/\/schema.org\/dateModified\" >2020-08-23 17:08:35<\/span><span class='av-structured-data'  itemprop=\"mainEntityOfPage\" itemtype=\"https:\/\/schema.org\/mainEntityOfPage\" ><span itemprop='name'>Sigurnosna vrata za &#8222;New South&#8220; &#8211; Ju\u017eni bulevar<\/span><\/span><\/span><\/article><\/div><div class=\"slide-entry-wrap\"><article class='slide-entry flex_column  post-entry post-entry-3105 slide-entry-overview slide-loop-39 slide-parity-odd  av_one_half first real-thumbnail post-format-standard'  itemscope=\"itemscope\" itemtype=\"https:\/\/schema.org\/BlogPosting\" itemprop=\"blogPost\" ><a href='https:\/\/www.bosal.rs\/rs\/sigurnosna-vrata-za-vozdove-kapije\/' data-rel='slide-1' class='slide-image' title='Sigurnosna vrata za &#8222;Vo\u017edove kapije&#8220;'><img width=\"495\" height=\"400\" src=\"https:\/\/www.bosal.rs\/rs\/wp-content\/uploads\/2020\/07\/bosal-kapije-vozdovca-fb-thumb-495x400.jpg\" class=\"wp-image-3107 avia-img-lazy-loading-not-3107 attachment-portfolio size-portfolio wp-post-image\" alt=\"\" \/><\/a><div class=\"slide-content\"><header class=\"entry-content-header\"><h3 class='slide-entry-title entry-title '  itemprop=\"headline\" ><a href='https:\/\/www.bosal.rs\/rs\/sigurnosna-vrata-za-vozdove-kapije\/' title='Sigurnosna vrata za &#8222;Vo\u017edove kapije&#8220;'>Sigurnosna vrata za &#8222;Vo\u017edove kapije&#8220;<\/a><\/h3><span class=\"blog-categories minor-meta\"><a href=\"https:\/\/www.bosal.rs\/rs\/category\/sigurnosna-vrata\/\" rel=\"tag\">Sigurnosna vrata<\/a> <\/span><span class=\"av-vertical-delimiter\"><\/span><\/header><\/div><footer class=\"entry-footer\"><div class=\"slide-meta\"><div class=\"slide-meta-comments\"><a href='https:\/\/www.bosal.rs\/rs\/sigurnosna-vrata-west-65-tower\/#respond'>0 Comments<\/a><\/div><div class=\"slide-meta-del\">\/<\/div><time class='slide-meta-time updated'  itemprop=\"datePublished\" datetime=\"2022-08-30T13:36:00+01:00\" >30 avgusta, 2022<\/time><\/div><\/footer><span class='hidden'>\n\t\t\t\t<span class='av-structured-data'  itemprop=\"image\" itemscope=\"itemscope\" itemtype=\"https:\/\/schema.org\/ImageObject\" >\n\t\t\t\t\t\t<span itemprop='url'>https:\/\/www.bosal.rs\/rs\/wp-content\/uploads\/2020\/07\/bosal-kapije-vozdovca-fb-thumb.jpg<\/span>\n\t\t\t\t\t\t<span itemprop='height'>628<\/span>\n\t\t\t\t\t\t<span itemprop='width'>1200<\/span>\n\t\t\t\t<\/span>\n\t\t\t\t<span class='av-structured-data'  itemprop=\"publisher\" itemtype=\"https:\/\/schema.org\/Organization\" itemscope=\"itemscope\" >\n\t\t\t\t\t\t<span itemprop='name'>bosalrs<\/span>\n\t\t\t\t\t\t<span itemprop='logo' itemscope itemtype='https:\/\/schema.org\/ImageObject'>\n\t\t\t\t\t\t\t<span itemprop='url'>https:\/\/www.bosal.rs\/rs\/wp-content\/uploads\/2017\/08\/logo-bosal-final-2017.png<\/span>\n\t\t\t\t\t\t <\/span>\n\t\t\t\t<\/span><span class='av-structured-data'  itemprop=\"author\" itemscope=\"itemscope\" itemtype=\"https:\/\/schema.org\/Person\" ><span itemprop='name'>bosalrs<\/span><\/span><span class='av-structured-data'  itemprop=\"datePublished\" datetime=\"2017-07-04T07:22:34+01:00\" >2020-07-25 10:55:45<\/span><span class='av-structured-data'  itemprop=\"dateModified\" itemtype=\"https:\/\/schema.org\/dateModified\" >2020-07-25 11:00:54<\/span><span class='av-structured-data'  itemprop=\"mainEntityOfPage\" itemtype=\"https:\/\/schema.org\/mainEntityOfPage\" ><span itemprop='name'>Sigurnosna vrata za &#8222;Vo\u017edove kapije&#8220;<\/span><\/span><\/span><\/article><article class='slide-entry flex_column  post-entry post-entry-3016 slide-entry-overview slide-loop-40 slide-parity-even  av_one_half  real-thumbnail post-format-standard'  itemscope=\"itemscope\" itemtype=\"https:\/\/schema.org\/BlogPosting\" itemprop=\"blogPost\" ><a href='https:\/\/www.bosal.rs\/rs\/sigurnosna-vrata-za-panorama-vozdovac\/' data-rel='slide-1' class='slide-image' title='Sigurnosna vrata za kompleks &#8222;Panorama Vo\u017edovac&#8220;'><img width=\"495\" height=\"400\" src=\"https:\/\/www.bosal.rs\/rs\/wp-content\/uploads\/2020\/06\/bosal-trosarina-fb-495x400.jpg\" class=\"wp-image-3017 avia-img-lazy-loading-not-3017 attachment-portfolio size-portfolio wp-post-image\" alt=\"\" \/><\/a><div class=\"slide-content\"><header class=\"entry-content-header\"><h3 class='slide-entry-title entry-title '  itemprop=\"headline\" ><a href='https:\/\/www.bosal.rs\/rs\/sigurnosna-vrata-za-panorama-vozdovac\/' title='Sigurnosna vrata za kompleks &#8222;Panorama Vo\u017edovac&#8220;'>Sigurnosna vrata za kompleks &#8222;Panorama Vo\u017edovac&#8220;<\/a><\/h3><span class=\"blog-categories minor-meta\"><a href=\"https:\/\/www.bosal.rs\/rs\/category\/sigurnosna-vrata\/\" rel=\"tag\">Sigurnosna vrata<\/a> <\/span><span class=\"av-vertical-delimiter\"><\/span><\/header><\/div><footer class=\"entry-footer\"><div class=\"slide-meta\"><div class=\"slide-meta-comments\"><a href='https:\/\/www.bosal.rs\/rs\/sigurnosna-vrata-west-65-tower\/#respond'>0 Comments<\/a><\/div><div class=\"slide-meta-del\">\/<\/div><time class='slide-meta-time updated'  itemprop=\"datePublished\" datetime=\"2022-08-30T13:36:00+01:00\" >30 avgusta, 2022<\/time><\/div><\/footer><span class='hidden'>\n\t\t\t\t<span class='av-structured-data'  itemprop=\"image\" itemscope=\"itemscope\" itemtype=\"https:\/\/schema.org\/ImageObject\" >\n\t\t\t\t\t\t<span itemprop='url'>https:\/\/www.bosal.rs\/rs\/wp-content\/uploads\/2020\/06\/bosal-trosarina-fb.jpg<\/span>\n\t\t\t\t\t\t<span itemprop='height'>628<\/span>\n\t\t\t\t\t\t<span itemprop='width'>1200<\/span>\n\t\t\t\t<\/span>\n\t\t\t\t<span class='av-structured-data'  itemprop=\"publisher\" itemtype=\"https:\/\/schema.org\/Organization\" itemscope=\"itemscope\" >\n\t\t\t\t\t\t<span itemprop='name'>bosalrs<\/span>\n\t\t\t\t\t\t<span itemprop='logo' itemscope itemtype='https:\/\/schema.org\/ImageObject'>\n\t\t\t\t\t\t\t<span itemprop='url'>https:\/\/www.bosal.rs\/rs\/wp-content\/uploads\/2017\/08\/logo-bosal-final-2017.png<\/span>\n\t\t\t\t\t\t <\/span>\n\t\t\t\t<\/span><span class='av-structured-data'  itemprop=\"author\" itemscope=\"itemscope\" itemtype=\"https:\/\/schema.org\/Person\" ><span itemprop='name'>bosalrs<\/span><\/span><span class='av-structured-data'  itemprop=\"datePublished\" datetime=\"2017-07-04T07:22:34+01:00\" >2020-06-14 20:41:14<\/span><span class='av-structured-data'  itemprop=\"dateModified\" itemtype=\"https:\/\/schema.org\/dateModified\" >2020-06-14 20:44:41<\/span><span class='av-structured-data'  itemprop=\"mainEntityOfPage\" itemtype=\"https:\/\/schema.org\/mainEntityOfPage\" ><span itemprop='name'>Sigurnosna vrata za kompleks &#8222;Panorama Vo\u017edovac&#8220;<\/span><\/span><\/span><\/article><\/div><div class=\"slide-entry-wrap\"><article class='slide-entry flex_column  post-entry post-entry-2981 slide-entry-overview slide-loop-41 slide-parity-odd  av_one_half first real-thumbnail post-format-standard'  itemscope=\"itemscope\" itemtype=\"https:\/\/schema.org\/BlogPosting\" itemprop=\"blogPost\" ><a href='https:\/\/www.bosal.rs\/rs\/sigurnosna-vrata-za-west-65\/' data-rel='slide-1' class='slide-image' title='Sigurnosna vrata za West 65'><img width=\"495\" height=\"400\" src=\"https:\/\/www.bosal.rs\/rs\/wp-content\/uploads\/2020\/05\/fb-495x400.jpg\" class=\"wp-image-2982 avia-img-lazy-loading-not-2982 attachment-portfolio size-portfolio wp-post-image\" alt=\"\" \/><\/a><div class=\"slide-content\"><header class=\"entry-content-header\"><h3 class='slide-entry-title entry-title '  itemprop=\"headline\" ><a href='https:\/\/www.bosal.rs\/rs\/sigurnosna-vrata-za-west-65\/' title='Sigurnosna vrata za West 65'>Sigurnosna vrata za West 65<\/a><\/h3><span class=\"blog-categories minor-meta\"><a href=\"https:\/\/www.bosal.rs\/rs\/category\/lux-model\/\" rel=\"tag\">LUX model<\/a>, <a href=\"https:\/\/www.bosal.rs\/rs\/category\/sigurnosna-vrata\/\" rel=\"tag\">Sigurnosna vrata<\/a> <\/span><span class=\"av-vertical-delimiter\"><\/span><\/header><\/div><footer class=\"entry-footer\"><div class=\"slide-meta\"><div class=\"slide-meta-comments\"><a href='https:\/\/www.bosal.rs\/rs\/sigurnosna-vrata-west-65-tower\/#respond'>0 Comments<\/a><\/div><div class=\"slide-meta-del\">\/<\/div><time class='slide-meta-time updated'  itemprop=\"datePublished\" datetime=\"2022-08-30T13:36:00+01:00\" >30 avgusta, 2022<\/time><\/div><\/footer><span class='hidden'>\n\t\t\t\t<span class='av-structured-data'  itemprop=\"image\" itemscope=\"itemscope\" itemtype=\"https:\/\/schema.org\/ImageObject\" >\n\t\t\t\t\t\t<span itemprop='url'>https:\/\/www.bosal.rs\/rs\/wp-content\/uploads\/2020\/05\/fb.jpg<\/span>\n\t\t\t\t\t\t<span itemprop='height'>628<\/span>\n\t\t\t\t\t\t<span itemprop='width'>1200<\/span>\n\t\t\t\t<\/span>\n\t\t\t\t<span class='av-structured-data'  itemprop=\"publisher\" itemtype=\"https:\/\/schema.org\/Organization\" itemscope=\"itemscope\" >\n\t\t\t\t\t\t<span itemprop='name'>bosalrs<\/span>\n\t\t\t\t\t\t<span itemprop='logo' itemscope itemtype='https:\/\/schema.org\/ImageObject'>\n\t\t\t\t\t\t\t<span itemprop='url'>https:\/\/www.bosal.rs\/rs\/wp-content\/uploads\/2017\/08\/logo-bosal-final-2017.png<\/span>\n\t\t\t\t\t\t <\/span>\n\t\t\t\t<\/span><span class='av-structured-data'  itemprop=\"author\" itemscope=\"itemscope\" itemtype=\"https:\/\/schema.org\/Person\" ><span itemprop='name'>bosalrs<\/span><\/span><span class='av-structured-data'  itemprop=\"datePublished\" datetime=\"2017-07-04T07:22:34+01:00\" >2020-05-19 20:46:17<\/span><span class='av-structured-data'  itemprop=\"dateModified\" itemtype=\"https:\/\/schema.org\/dateModified\" >2021-04-14 08:21:27<\/span><span class='av-structured-data'  itemprop=\"mainEntityOfPage\" itemtype=\"https:\/\/schema.org\/mainEntityOfPage\" ><span itemprop='name'>Sigurnosna vrata za West 65<\/span><\/span><\/span><\/article><article class='slide-entry flex_column  post-entry post-entry-2941 slide-entry-overview slide-loop-42 slide-parity-even  av_one_half  real-thumbnail post-format-standard'  itemscope=\"itemscope\" itemtype=\"https:\/\/schema.org\/BlogPosting\" itemprop=\"blogPost\" ><a href='https:\/\/www.bosal.rs\/rs\/lux-model-sigurnosnih-vrata-za-merin-plazu-na-vracaru\/' data-rel='slide-1' class='slide-image' title='LUX model sigurnosnih vrata za Merin Plazu na Vra\u010daru'><img width=\"495\" height=\"400\" src=\"https:\/\/www.bosal.rs\/rs\/wp-content\/uploads\/2020\/04\/merin-plaza-36-495x400.jpg\" class=\"wp-image-2966 avia-img-lazy-loading-not-2966 attachment-portfolio size-portfolio wp-post-image\" alt=\"\" \/><\/a><div class=\"slide-content\"><header class=\"entry-content-header\"><h3 class='slide-entry-title entry-title '  itemprop=\"headline\" ><a href='https:\/\/www.bosal.rs\/rs\/lux-model-sigurnosnih-vrata-za-merin-plazu-na-vracaru\/' title='LUX model sigurnosnih vrata za Merin Plazu na Vra\u010daru'>LUX model sigurnosnih vrata za Merin Plazu na Vra\u010daru<\/a><\/h3><span class=\"blog-categories minor-meta\"><a href=\"https:\/\/www.bosal.rs\/rs\/category\/lux-model\/\" rel=\"tag\">LUX model<\/a>, <a href=\"https:\/\/www.bosal.rs\/rs\/category\/sigurnosna-vrata\/\" rel=\"tag\">Sigurnosna vrata<\/a> <\/span><span class=\"av-vertical-delimiter\"><\/span><\/header><\/div><footer class=\"entry-footer\"><div class=\"slide-meta\"><div class=\"slide-meta-comments\"><a href='https:\/\/www.bosal.rs\/rs\/sigurnosna-vrata-west-65-tower\/#respond'>0 Comments<\/a><\/div><div class=\"slide-meta-del\">\/<\/div><time class='slide-meta-time updated'  itemprop=\"datePublished\" datetime=\"2022-08-30T13:36:00+01:00\" >30 avgusta, 2022<\/time><\/div><\/footer><span class='hidden'>\n\t\t\t\t<span class='av-structured-data'  itemprop=\"image\" itemscope=\"itemscope\" itemtype=\"https:\/\/schema.org\/ImageObject\" >\n\t\t\t\t\t\t<span itemprop='url'>https:\/\/www.bosal.rs\/rs\/wp-content\/uploads\/2020\/04\/merin-plaza-36.jpg<\/span>\n\t\t\t\t\t\t<span itemprop='height'>900<\/span>\n\t\t\t\t\t\t<span itemprop='width'>600<\/span>\n\t\t\t\t<\/span>\n\t\t\t\t<span class='av-structured-data'  itemprop=\"publisher\" itemtype=\"https:\/\/schema.org\/Organization\" itemscope=\"itemscope\" >\n\t\t\t\t\t\t<span itemprop='name'>bosalrs<\/span>\n\t\t\t\t\t\t<span itemprop='logo' itemscope itemtype='https:\/\/schema.org\/ImageObject'>\n\t\t\t\t\t\t\t<span itemprop='url'>https:\/\/www.bosal.rs\/rs\/wp-content\/uploads\/2017\/08\/logo-bosal-final-2017.png<\/span>\n\t\t\t\t\t\t <\/span>\n\t\t\t\t<\/span><span class='av-structured-data'  itemprop=\"author\" itemscope=\"itemscope\" itemtype=\"https:\/\/schema.org\/Person\" ><span itemprop='name'>bosalrs<\/span><\/span><span class='av-structured-data'  itemprop=\"datePublished\" datetime=\"2017-07-04T07:22:34+01:00\" >2020-04-27 03:24:21<\/span><span class='av-structured-data'  itemprop=\"dateModified\" itemtype=\"https:\/\/schema.org\/dateModified\" >2020-04-27 03:32:55<\/span><span class='av-structured-data'  itemprop=\"mainEntityOfPage\" itemtype=\"https:\/\/schema.org\/mainEntityOfPage\" ><span itemprop='name'>LUX model sigurnosnih vrata za Merin Plazu na Vra\u010daru<\/span><\/span><\/span><\/article><\/div><div class=\"slide-entry-wrap\"><article class='slide-entry flex_column  post-entry post-entry-2916 slide-entry-overview slide-loop-43 slide-parity-odd  av_one_half first real-thumbnail post-format-standard'  itemscope=\"itemscope\" itemtype=\"https:\/\/schema.org\/BlogPosting\" itemprop=\"blogPost\" ><a href='https:\/\/www.bosal.rs\/rs\/lux-model-sigurnosnih-vrata-za-stanove-u-a-blok-u\/' data-rel='slide-1' class='slide-image' title='LUX model sigurnosnih vrata za stanove u A Blok-u'><img width=\"495\" height=\"400\" src=\"https:\/\/www.bosal.rs\/rs\/wp-content\/uploads\/2020\/04\/A-Blok-preview-495x400.jpg\" class=\"wp-image-2929 avia-img-lazy-loading-not-2929 attachment-portfolio size-portfolio wp-post-image\" alt=\"\" \/><\/a><div class=\"slide-content\"><header class=\"entry-content-header\"><h3 class='slide-entry-title entry-title '  itemprop=\"headline\" ><a href='https:\/\/www.bosal.rs\/rs\/lux-model-sigurnosnih-vrata-za-stanove-u-a-blok-u\/' title='LUX model sigurnosnih vrata za stanove u A Blok-u'>LUX model sigurnosnih vrata za stanove u A Blok-u<\/a><\/h3><span class=\"blog-categories minor-meta\"><a href=\"https:\/\/www.bosal.rs\/rs\/category\/lux-model\/\" rel=\"tag\">LUX model<\/a>, <a href=\"https:\/\/www.bosal.rs\/rs\/category\/sigurnosna-vrata\/\" rel=\"tag\">Sigurnosna vrata<\/a> <\/span><span class=\"av-vertical-delimiter\"><\/span><\/header><\/div><footer class=\"entry-footer\"><div class=\"slide-meta\"><div class=\"slide-meta-comments\"><a href='https:\/\/www.bosal.rs\/rs\/sigurnosna-vrata-west-65-tower\/#respond'>0 Comments<\/a><\/div><div class=\"slide-meta-del\">\/<\/div><time class='slide-meta-time updated'  itemprop=\"datePublished\" datetime=\"2022-08-30T13:36:00+01:00\" >30 avgusta, 2022<\/time><\/div><\/footer><span class='hidden'>\n\t\t\t\t<span class='av-structured-data'  itemprop=\"image\" itemscope=\"itemscope\" itemtype=\"https:\/\/schema.org\/ImageObject\" >\n\t\t\t\t\t\t<span itemprop='url'>https:\/\/www.bosal.rs\/rs\/wp-content\/uploads\/2020\/04\/A-Blok-preview.jpg<\/span>\n\t\t\t\t\t\t<span itemprop='height'>628<\/span>\n\t\t\t\t\t\t<span itemprop='width'>1200<\/span>\n\t\t\t\t<\/span>\n\t\t\t\t<span class='av-structured-data'  itemprop=\"publisher\" itemtype=\"https:\/\/schema.org\/Organization\" itemscope=\"itemscope\" >\n\t\t\t\t\t\t<span itemprop='name'>bosalrs<\/span>\n\t\t\t\t\t\t<span itemprop='logo' itemscope itemtype='https:\/\/schema.org\/ImageObject'>\n\t\t\t\t\t\t\t<span itemprop='url'>https:\/\/www.bosal.rs\/rs\/wp-content\/uploads\/2017\/08\/logo-bosal-final-2017.png<\/span>\n\t\t\t\t\t\t <\/span>\n\t\t\t\t<\/span><span class='av-structured-data'  itemprop=\"author\" itemscope=\"itemscope\" itemtype=\"https:\/\/schema.org\/Person\" ><span itemprop='name'>bosalrs<\/span><\/span><span class='av-structured-data'  itemprop=\"datePublished\" datetime=\"2017-07-04T07:22:34+01:00\" >2020-04-07 08:42:40<\/span><span class='av-structured-data'  itemprop=\"dateModified\" itemtype=\"https:\/\/schema.org\/dateModified\" >2020-04-07 08:42:40<\/span><span class='av-structured-data'  itemprop=\"mainEntityOfPage\" itemtype=\"https:\/\/schema.org\/mainEntityOfPage\" ><span itemprop='name'>LUX model sigurnosnih vrata za stanove u A Blok-u<\/span><\/span><\/span><\/article><article class='slide-entry flex_column  post-entry post-entry-2881 slide-entry-overview slide-loop-44 slide-parity-even  av_one_half  real-thumbnail post-format-standard'  itemscope=\"itemscope\" itemtype=\"https:\/\/schema.org\/BlogPosting\" itemprop=\"blogPost\" ><a href='https:\/\/www.bosal.rs\/rs\/sigurnosna-integra-alu-stolarija-studentski-trg\/' data-rel='slide-1' class='slide-image' title='Sigurnosna, INTEGRA vrata i ALU stolarija za tri stana na Studentskom Trgu'><img width=\"495\" height=\"400\" src=\"https:\/\/www.bosal.rs\/rs\/wp-content\/uploads\/2020\/03\/studentski-trg-fb-495x400.jpg\" class=\"wp-image-2908 avia-img-lazy-loading-not-2908 attachment-portfolio size-portfolio wp-post-image\" alt=\"\" \/><\/a><div class=\"slide-content\"><header class=\"entry-content-header\"><h3 class='slide-entry-title entry-title '  itemprop=\"headline\" ><a href='https:\/\/www.bosal.rs\/rs\/sigurnosna-integra-alu-stolarija-studentski-trg\/' title='Sigurnosna, INTEGRA vrata i ALU stolarija za tri stana na Studentskom Trgu'>Sigurnosna, INTEGRA vrata i ALU stolarija za tri stana na Studentskom Trgu<\/a><\/h3><span class=\"blog-categories minor-meta\"><a href=\"https:\/\/www.bosal.rs\/rs\/category\/alu-stolarija\/\" rel=\"tag\">ALU stolarija<\/a>, <a href=\"https:\/\/www.bosal.rs\/rs\/category\/integra\/\" rel=\"tag\">INTEGRA<\/a>, <a href=\"https:\/\/www.bosal.rs\/rs\/category\/sigurnosna-vrata\/\" rel=\"tag\">Sigurnosna vrata<\/a>, <a href=\"https:\/\/www.bosal.rs\/rs\/category\/skrivena-vrata\/\" rel=\"tag\">Skrivena vrata<\/a>, <a href=\"https:\/\/www.bosal.rs\/rs\/category\/sobna-vrata\/\" rel=\"tag\">Sobna vrata<\/a>, <a href=\"https:\/\/www.bosal.rs\/rs\/category\/stolarija\/\" rel=\"tag\">Stolarija<\/a> <\/span><span class=\"av-vertical-delimiter\"><\/span><\/header><\/div><footer class=\"entry-footer\"><div class=\"slide-meta\"><div class=\"slide-meta-comments\"><a href='https:\/\/www.bosal.rs\/rs\/sigurnosna-vrata-west-65-tower\/#respond'>0 Comments<\/a><\/div><div class=\"slide-meta-del\">\/<\/div><time class='slide-meta-time updated'  itemprop=\"datePublished\" datetime=\"2022-08-30T13:36:00+01:00\" >30 avgusta, 2022<\/time><\/div><\/footer><span class='hidden'>\n\t\t\t\t<span class='av-structured-data'  itemprop=\"image\" itemscope=\"itemscope\" itemtype=\"https:\/\/schema.org\/ImageObject\" >\n\t\t\t\t\t\t<span itemprop='url'>https:\/\/www.bosal.rs\/rs\/wp-content\/uploads\/2020\/03\/studentski-trg-fb.jpg<\/span>\n\t\t\t\t\t\t<span itemprop='height'>628<\/span>\n\t\t\t\t\t\t<span itemprop='width'>1200<\/span>\n\t\t\t\t<\/span>\n\t\t\t\t<span class='av-structured-data'  itemprop=\"publisher\" itemtype=\"https:\/\/schema.org\/Organization\" itemscope=\"itemscope\" >\n\t\t\t\t\t\t<span itemprop='name'>bosalrs<\/span>\n\t\t\t\t\t\t<span itemprop='logo' itemscope itemtype='https:\/\/schema.org\/ImageObject'>\n\t\t\t\t\t\t\t<span itemprop='url'>https:\/\/www.bosal.rs\/rs\/wp-content\/uploads\/2017\/08\/logo-bosal-final-2017.png<\/span>\n\t\t\t\t\t\t <\/span>\n\t\t\t\t<\/span><span class='av-structured-data'  itemprop=\"author\" itemscope=\"itemscope\" itemtype=\"https:\/\/schema.org\/Person\" ><span itemprop='name'>bosalrs<\/span><\/span><span class='av-structured-data'  itemprop=\"datePublished\" datetime=\"2017-07-04T07:22:34+01:00\" >2020-03-04 00:09:11<\/span><span class='av-structured-data'  itemprop=\"dateModified\" itemtype=\"https:\/\/schema.org\/dateModified\" >2020-03-04 00:09:11<\/span><span class='av-structured-data'  itemprop=\"mainEntityOfPage\" itemtype=\"https:\/\/schema.org\/mainEntityOfPage\" ><span itemprop='name'>Sigurnosna, INTEGRA vrata i ALU stolarija za tri stana na Studentskom Trgu<\/span><\/span><\/span><\/article><\/div><div class=\"slide-entry-wrap\"><article class='slide-entry flex_column  post-entry post-entry-2855 slide-entry-overview slide-loop-45 slide-parity-odd  av_one_half first real-thumbnail post-format-standard'  itemscope=\"itemscope\" itemtype=\"https:\/\/schema.org\/BlogPosting\" itemprop=\"blogPost\" ><a href='https:\/\/www.bosal.rs\/rs\/integra-vrata-za-privatni-stan-na-vracaru\/' data-rel='slide-1' class='slide-image' title='INTEGRA vrata za privatni stan na Vra\u010daru'><img width=\"495\" height=\"400\" src=\"https:\/\/www.bosal.rs\/rs\/wp-content\/uploads\/2020\/01\/integra-vrata-patrijarha-varnave-FB-495x400.jpg\" class=\"wp-image-2857 avia-img-lazy-loading-not-2857 attachment-portfolio size-portfolio wp-post-image\" alt=\"\" \/><small class='avia-copyright'>Markagen<\/small><\/a><div class=\"slide-content\"><header class=\"entry-content-header\"><h3 class='slide-entry-title entry-title '  itemprop=\"headline\" ><a href='https:\/\/www.bosal.rs\/rs\/integra-vrata-za-privatni-stan-na-vracaru\/' title='INTEGRA vrata za privatni stan na Vra\u010daru'>INTEGRA vrata za privatni stan na Vra\u010daru<\/a><\/h3><span class=\"blog-categories minor-meta\"><a href=\"https:\/\/www.bosal.rs\/rs\/category\/integra\/\" rel=\"tag\">INTEGRA<\/a>, <a href=\"https:\/\/www.bosal.rs\/rs\/category\/skrivena-vrata\/\" rel=\"tag\">Skrivena vrata<\/a>, <a href=\"https:\/\/www.bosal.rs\/rs\/category\/sobna-vrata\/\" rel=\"tag\">Sobna vrata<\/a> <\/span><span class=\"av-vertical-delimiter\"><\/span><\/header><\/div><footer class=\"entry-footer\"><div class=\"slide-meta\"><div class=\"slide-meta-comments\"><a href='https:\/\/www.bosal.rs\/rs\/sigurnosna-vrata-west-65-tower\/#respond'>0 Comments<\/a><\/div><div class=\"slide-meta-del\">\/<\/div><time class='slide-meta-time updated'  itemprop=\"datePublished\" datetime=\"2022-08-30T13:36:00+01:00\" >30 avgusta, 2022<\/time><\/div><\/footer><span class='hidden'>\n\t\t\t\t<span class='av-structured-data'  itemprop=\"image\" itemscope=\"itemscope\" itemtype=\"https:\/\/schema.org\/ImageObject\" >\n\t\t\t\t\t\t<span itemprop='url'>https:\/\/www.bosal.rs\/rs\/wp-content\/uploads\/2020\/01\/integra-vrata-patrijarha-varnave-FB.jpg<\/span>\n\t\t\t\t\t\t<span itemprop='height'>628<\/span>\n\t\t\t\t\t\t<span itemprop='width'>1200<\/span>\n\t\t\t\t<\/span>\n\t\t\t\t<span class='av-structured-data'  itemprop=\"publisher\" itemtype=\"https:\/\/schema.org\/Organization\" itemscope=\"itemscope\" >\n\t\t\t\t\t\t<span itemprop='name'>bosalrs<\/span>\n\t\t\t\t\t\t<span itemprop='logo' itemscope itemtype='https:\/\/schema.org\/ImageObject'>\n\t\t\t\t\t\t\t<span itemprop='url'>https:\/\/www.bosal.rs\/rs\/wp-content\/uploads\/2017\/08\/logo-bosal-final-2017.png<\/span>\n\t\t\t\t\t\t <\/span>\n\t\t\t\t<\/span><span class='av-structured-data'  itemprop=\"author\" itemscope=\"itemscope\" itemtype=\"https:\/\/schema.org\/Person\" ><span itemprop='name'>bosalrs<\/span><\/span><span class='av-structured-data'  itemprop=\"datePublished\" datetime=\"2017-07-04T07:22:34+01:00\" >2020-01-22 08:07:52<\/span><span class='av-structured-data'  itemprop=\"dateModified\" itemtype=\"https:\/\/schema.org\/dateModified\" >2020-01-22 08:07:52<\/span><span class='av-structured-data'  itemprop=\"mainEntityOfPage\" itemtype=\"https:\/\/schema.org\/mainEntityOfPage\" ><span itemprop='name'>INTEGRA vrata za privatni stan na Vra\u010daru<\/span><\/span><\/span><\/article><article class='slide-entry flex_column  post-entry post-entry-2803 slide-entry-overview slide-loop-46 slide-parity-even  av_one_half  real-thumbnail post-format-standard'  itemscope=\"itemscope\" itemtype=\"https:\/\/schema.org\/BlogPosting\" itemprop=\"blogPost\" ><a href='https:\/\/www.bosal.rs\/rs\/integra-vrata-vs-clinic-and-beauty-salon-vracar\/' data-rel='slide-1' class='slide-image' title='INTEGRA vrata za &#8222;VS Clinic and Beauty&#8220; salon na Vra\u010daru'><img width=\"495\" height=\"400\" src=\"https:\/\/www.bosal.rs\/rs\/wp-content\/uploads\/2019\/11\/DSC05699-495x400.jpg\" class=\"wp-image-2807 avia-img-lazy-loading-not-2807 attachment-portfolio size-portfolio wp-post-image\" alt=\"\" \/><\/a><div class=\"slide-content\"><header class=\"entry-content-header\"><h3 class='slide-entry-title entry-title '  itemprop=\"headline\" ><a href='https:\/\/www.bosal.rs\/rs\/integra-vrata-vs-clinic-and-beauty-salon-vracar\/' title='INTEGRA vrata za &#8222;VS Clinic and Beauty&#8220; salon na Vra\u010daru'>INTEGRA vrata za &#8222;VS Clinic and Beauty&#8220; salon na Vra\u010daru<\/a><\/h3><span class=\"blog-categories minor-meta\"><a href=\"https:\/\/www.bosal.rs\/rs\/category\/integra\/\" rel=\"tag\">INTEGRA<\/a>, <a href=\"https:\/\/www.bosal.rs\/rs\/category\/skrivena-vrata\/\" rel=\"tag\">Skrivena vrata<\/a>, <a href=\"https:\/\/www.bosal.rs\/rs\/category\/sobna-vrata\/\" rel=\"tag\">Sobna vrata<\/a> <\/span><span class=\"av-vertical-delimiter\"><\/span><\/header><\/div><footer class=\"entry-footer\"><div class=\"slide-meta\"><div class=\"slide-meta-comments\"><a href='https:\/\/www.bosal.rs\/rs\/sigurnosna-vrata-west-65-tower\/#respond'>0 Comments<\/a><\/div><div class=\"slide-meta-del\">\/<\/div><time class='slide-meta-time updated'  itemprop=\"datePublished\" datetime=\"2022-08-30T13:36:00+01:00\" >30 avgusta, 2022<\/time><\/div><\/footer><span class='hidden'>\n\t\t\t\t<span class='av-structured-data'  itemprop=\"image\" itemscope=\"itemscope\" itemtype=\"https:\/\/schema.org\/ImageObject\" >\n\t\t\t\t\t\t<span itemprop='url'>https:\/\/www.bosal.rs\/rs\/wp-content\/uploads\/2019\/11\/DSC05699.jpg<\/span>\n\t\t\t\t\t\t<span itemprop='height'>611<\/span>\n\t\t\t\t\t\t<span itemprop='width'>900<\/span>\n\t\t\t\t<\/span>\n\t\t\t\t<span class='av-structured-data'  itemprop=\"publisher\" itemtype=\"https:\/\/schema.org\/Organization\" itemscope=\"itemscope\" >\n\t\t\t\t\t\t<span itemprop='name'>bosalrs<\/span>\n\t\t\t\t\t\t<span itemprop='logo' itemscope itemtype='https:\/\/schema.org\/ImageObject'>\n\t\t\t\t\t\t\t<span itemprop='url'>https:\/\/www.bosal.rs\/rs\/wp-content\/uploads\/2017\/08\/logo-bosal-final-2017.png<\/span>\n\t\t\t\t\t\t <\/span>\n\t\t\t\t<\/span><span class='av-structured-data'  itemprop=\"author\" itemscope=\"itemscope\" itemtype=\"https:\/\/schema.org\/Person\" ><span itemprop='name'>bosalrs<\/span><\/span><span class='av-structured-data'  itemprop=\"datePublished\" datetime=\"2017-07-04T07:22:34+01:00\" >2019-11-26 17:53:06<\/span><span class='av-structured-data'  itemprop=\"dateModified\" itemtype=\"https:\/\/schema.org\/dateModified\" >2019-11-26 18:13:35<\/span><span class='av-structured-data'  itemprop=\"mainEntityOfPage\" itemtype=\"https:\/\/schema.org\/mainEntityOfPage\" ><span itemprop='name'>INTEGRA vrata za &#8222;VS Clinic and Beauty&#8220; salon na Vra\u010daru<\/span><\/span><\/span><\/article><\/div><div class=\"slide-entry-wrap\"><article class='slide-entry flex_column  post-entry post-entry-2749 slide-entry-overview slide-loop-47 slide-parity-odd  av_one_half first real-thumbnail post-format-standard'  itemscope=\"itemscope\" itemtype=\"https:\/\/schema.org\/BlogPosting\" itemprop=\"blogPost\" ><a href='https:\/\/www.bosal.rs\/rs\/sigurnosna-sobna-integra-i-alu-stolarija-zemun\/' data-rel='slide-1' class='slide-image' title='Sigurnosna, sobna, INTEGRA vrata i ALU stolarija za stan u Zemunu'><img width=\"495\" height=\"400\" src=\"https:\/\/www.bosal.rs\/rs\/wp-content\/uploads\/2019\/07\/DSC00296-495x400.jpg\" class=\"wp-image-2753 avia-img-lazy-loading-not-2753 attachment-portfolio size-portfolio wp-post-image\" alt=\"\" srcset=\"https:\/\/www.bosal.rs\/rs\/wp-content\/uploads\/2019\/07\/DSC00296-495x400.jpg 495w, https:\/\/www.bosal.rs\/rs\/wp-content\/uploads\/2019\/07\/DSC00296-845x684.jpg 845w\" sizes=\"(max-width: 495px) 100vw, 495px\" \/><\/a><div class=\"slide-content\"><header class=\"entry-content-header\"><h3 class='slide-entry-title entry-title '  itemprop=\"headline\" ><a href='https:\/\/www.bosal.rs\/rs\/sigurnosna-sobna-integra-i-alu-stolarija-zemun\/' title='Sigurnosna, sobna, INTEGRA vrata i ALU stolarija za stan u Zemunu'>Sigurnosna, sobna, INTEGRA vrata i ALU stolarija za stan u Zemunu<\/a><\/h3><span class=\"blog-categories minor-meta\"><a href=\"https:\/\/www.bosal.rs\/rs\/category\/alu-stolarija\/\" rel=\"tag\">ALU stolarija<\/a>, <a href=\"https:\/\/www.bosal.rs\/rs\/category\/integra\/\" rel=\"tag\">INTEGRA<\/a>, <a href=\"https:\/\/www.bosal.rs\/rs\/category\/lux-model\/\" rel=\"tag\">LUX model<\/a>, <a href=\"https:\/\/www.bosal.rs\/rs\/category\/sigurnosna-vrata\/\" rel=\"tag\">Sigurnosna vrata<\/a>, <a href=\"https:\/\/www.bosal.rs\/rs\/category\/skrivena-vrata\/\" rel=\"tag\">Skrivena vrata<\/a>, <a href=\"https:\/\/www.bosal.rs\/rs\/category\/sobna-vrata\/\" rel=\"tag\">Sobna vrata<\/a>, <a href=\"https:\/\/www.bosal.rs\/rs\/category\/stolarija\/\" rel=\"tag\">Stolarija<\/a> <\/span><span class=\"av-vertical-delimiter\"><\/span><\/header><\/div><footer class=\"entry-footer\"><div class=\"slide-meta\"><div class=\"slide-meta-comments\"><a href='https:\/\/www.bosal.rs\/rs\/sigurnosna-vrata-west-65-tower\/#respond'>0 Comments<\/a><\/div><div class=\"slide-meta-del\">\/<\/div><time class='slide-meta-time updated'  itemprop=\"datePublished\" datetime=\"2022-08-30T13:36:00+01:00\" >30 avgusta, 2022<\/time><\/div><\/footer><span class='hidden'>\n\t\t\t\t<span class='av-structured-data'  itemprop=\"image\" itemscope=\"itemscope\" itemtype=\"https:\/\/schema.org\/ImageObject\" >\n\t\t\t\t\t\t<span itemprop='url'>https:\/\/www.bosal.rs\/rs\/wp-content\/uploads\/2019\/07\/DSC00296.jpg<\/span>\n\t\t\t\t\t\t<span itemprop='height'>800<\/span>\n\t\t\t\t\t\t<span itemprop='width'>1200<\/span>\n\t\t\t\t<\/span>\n\t\t\t\t<span class='av-structured-data'  itemprop=\"publisher\" itemtype=\"https:\/\/schema.org\/Organization\" itemscope=\"itemscope\" >\n\t\t\t\t\t\t<span itemprop='name'>bosalrs<\/span>\n\t\t\t\t\t\t<span itemprop='logo' itemscope itemtype='https:\/\/schema.org\/ImageObject'>\n\t\t\t\t\t\t\t<span itemprop='url'>https:\/\/www.bosal.rs\/rs\/wp-content\/uploads\/2017\/08\/logo-bosal-final-2017.png<\/span>\n\t\t\t\t\t\t <\/span>\n\t\t\t\t<\/span><span class='av-structured-data'  itemprop=\"author\" itemscope=\"itemscope\" itemtype=\"https:\/\/schema.org\/Person\" ><span itemprop='name'>bosalrs<\/span><\/span><span class='av-structured-data'  itemprop=\"datePublished\" datetime=\"2017-07-04T07:22:34+01:00\" >2019-07-20 06:12:14<\/span><span class='av-structured-data'  itemprop=\"dateModified\" itemtype=\"https:\/\/schema.org\/dateModified\" >2019-07-26 11:23:55<\/span><span class='av-structured-data'  itemprop=\"mainEntityOfPage\" itemtype=\"https:\/\/schema.org\/mainEntityOfPage\" ><span itemprop='name'>Sigurnosna, sobna, INTEGRA vrata i ALU stolarija za stan u Zemunu<\/span><\/span><\/span><\/article><article class='slide-entry flex_column  post-entry post-entry-2594 slide-entry-overview slide-loop-48 slide-parity-even  av_one_half  real-thumbnail post-format-standard'  itemscope=\"itemscope\" itemtype=\"https:\/\/schema.org\/BlogPosting\" itemprop=\"blogPost\" ><a href='https:\/\/www.bosal.rs\/rs\/sigurnosna-i-enterijerska-vrata-za-zgradu-u-internacionalnih-brigada\/' data-rel='slide-1' class='slide-image' title='Sigurnosna i enterijerska vrata za zgradu u Internacionalnih brigada'><img width=\"495\" height=\"400\" src=\"https:\/\/www.bosal.rs\/rs\/wp-content\/uploads\/2019\/05\/bosal-internacionalnih-brigada-48-21-495x400.jpg\" class=\"wp-image-2606 avia-img-lazy-loading-not-2606 attachment-portfolio size-portfolio wp-post-image\" alt=\"\" srcset=\"https:\/\/www.bosal.rs\/rs\/wp-content\/uploads\/2019\/05\/bosal-internacionalnih-brigada-48-21-495x400.jpg 495w, https:\/\/www.bosal.rs\/rs\/wp-content\/uploads\/2019\/05\/bosal-internacionalnih-brigada-48-21-845x684.jpg 845w\" sizes=\"(max-width: 495px) 100vw, 495px\" \/><\/a><div class=\"slide-content\"><header class=\"entry-content-header\"><h3 class='slide-entry-title entry-title '  itemprop=\"headline\" ><a href='https:\/\/www.bosal.rs\/rs\/sigurnosna-i-enterijerska-vrata-za-zgradu-u-internacionalnih-brigada\/' title='Sigurnosna i enterijerska vrata za zgradu u Internacionalnih brigada'>Sigurnosna i enterijerska vrata za zgradu u Internacionalnih brigada<\/a><\/h3><span class=\"blog-categories minor-meta\"><a href=\"https:\/\/www.bosal.rs\/rs\/category\/lux-model\/\" rel=\"tag\">LUX model<\/a>, <a href=\"https:\/\/www.bosal.rs\/rs\/category\/sigurnosna-vrata\/\" rel=\"tag\">Sigurnosna vrata<\/a>, <a href=\"https:\/\/www.bosal.rs\/rs\/category\/sobna-vrata\/\" rel=\"tag\">Sobna vrata<\/a> <\/span><span class=\"av-vertical-delimiter\"><\/span><\/header><\/div><footer class=\"entry-footer\"><div class=\"slide-meta\"><div class=\"slide-meta-comments\"><a href='https:\/\/www.bosal.rs\/rs\/sigurnosna-vrata-west-65-tower\/#respond'>0 Comments<\/a><\/div><div class=\"slide-meta-del\">\/<\/div><time class='slide-meta-time updated'  itemprop=\"datePublished\" datetime=\"2022-08-30T13:36:00+01:00\" >30 avgusta, 2022<\/time><\/div><\/footer><span class='hidden'>\n\t\t\t\t<span class='av-structured-data'  itemprop=\"image\" itemscope=\"itemscope\" itemtype=\"https:\/\/schema.org\/ImageObject\" >\n\t\t\t\t\t\t<span itemprop='url'>https:\/\/www.bosal.rs\/rs\/wp-content\/uploads\/2019\/05\/bosal-internacionalnih-brigada-48-21.jpg<\/span>\n\t\t\t\t\t\t<span itemprop='height'>800<\/span>\n\t\t\t\t\t\t<span itemprop='width'>1200<\/span>\n\t\t\t\t<\/span>\n\t\t\t\t<span class='av-structured-data'  itemprop=\"publisher\" itemtype=\"https:\/\/schema.org\/Organization\" itemscope=\"itemscope\" >\n\t\t\t\t\t\t<span itemprop='name'>bosalrs<\/span>\n\t\t\t\t\t\t<span itemprop='logo' itemscope itemtype='https:\/\/schema.org\/ImageObject'>\n\t\t\t\t\t\t\t<span itemprop='url'>https:\/\/www.bosal.rs\/rs\/wp-content\/uploads\/2017\/08\/logo-bosal-final-2017.png<\/span>\n\t\t\t\t\t\t <\/span>\n\t\t\t\t<\/span><span class='av-structured-data'  itemprop=\"author\" itemscope=\"itemscope\" itemtype=\"https:\/\/schema.org\/Person\" ><span itemprop='name'>bosalrs<\/span><\/span><span class='av-structured-data'  itemprop=\"datePublished\" datetime=\"2017-07-04T07:22:34+01:00\" >2019-05-13 11:40:37<\/span><span class='av-structured-data'  itemprop=\"dateModified\" itemtype=\"https:\/\/schema.org\/dateModified\" >2019-05-13 11:55:42<\/span><span class='av-structured-data'  itemprop=\"mainEntityOfPage\" itemtype=\"https:\/\/schema.org\/mainEntityOfPage\" ><span itemprop='name'>Sigurnosna i enterijerska vrata za zgradu u Internacionalnih brigada<\/span><\/span><\/span><\/article><\/div><div class=\"slide-entry-wrap\"><article class='slide-entry flex_column  post-entry post-entry-2537 slide-entry-overview slide-loop-49 slide-parity-odd  av_one_half first real-thumbnail post-format-standard'  itemscope=\"itemscope\" itemtype=\"https:\/\/schema.org\/BlogPosting\" itemprop=\"blogPost\" ><a href='https:\/\/www.bosal.rs\/rs\/hotelska-i-sobna-vrata-za-apartmane-konaci-koznik-na-kopaoniku\/' data-rel='slide-1' class='slide-image' title='Hotelska i sobna vrata za Apartmane Konaci Koznik na Kopaoniku'><img width=\"495\" height=\"400\" src=\"https:\/\/www.bosal.rs\/rs\/wp-content\/uploads\/2018\/11\/DSC04689-495x400.jpg\" class=\"wp-image-2538 avia-img-lazy-loading-not-2538 attachment-portfolio size-portfolio wp-post-image\" alt=\"\" srcset=\"https:\/\/www.bosal.rs\/rs\/wp-content\/uploads\/2018\/11\/DSC04689-495x400.jpg 495w, https:\/\/www.bosal.rs\/rs\/wp-content\/uploads\/2018\/11\/DSC04689-845x684.jpg 845w\" sizes=\"(max-width: 495px) 100vw, 495px\" \/><\/a><div class=\"slide-content\"><header class=\"entry-content-header\"><h3 class='slide-entry-title entry-title '  itemprop=\"headline\" ><a href='https:\/\/www.bosal.rs\/rs\/hotelska-i-sobna-vrata-za-apartmane-konaci-koznik-na-kopaoniku\/' title='Hotelska i sobna vrata za Apartmane Konaci Koznik na Kopaoniku'>Hotelska i sobna vrata za Apartmane Konaci Koznik na Kopaoniku<\/a><\/h3><span class=\"blog-categories minor-meta\"><a href=\"https:\/\/www.bosal.rs\/rs\/category\/hotelska-vrata\/\" rel=\"tag\">Hotelska vrata<\/a>, <a href=\"https:\/\/www.bosal.rs\/rs\/category\/sigurnosna-vrata\/\" rel=\"tag\">Sigurnosna vrata<\/a>, <a href=\"https:\/\/www.bosal.rs\/rs\/category\/sobna-vrata\/\" rel=\"tag\">Sobna vrata<\/a> <\/span><span class=\"av-vertical-delimiter\"><\/span><\/header><\/div><footer class=\"entry-footer\"><div class=\"slide-meta\"><div class=\"slide-meta-comments\"><a href='https:\/\/www.bosal.rs\/rs\/sigurnosna-vrata-west-65-tower\/#respond'>0 Comments<\/a><\/div><div class=\"slide-meta-del\">\/<\/div><time class='slide-meta-time updated'  itemprop=\"datePublished\" datetime=\"2022-08-30T13:36:00+01:00\" >30 avgusta, 2022<\/time><\/div><\/footer><span class='hidden'>\n\t\t\t\t<span class='av-structured-data'  itemprop=\"image\" itemscope=\"itemscope\" itemtype=\"https:\/\/schema.org\/ImageObject\" >\n\t\t\t\t\t\t<span itemprop='url'>https:\/\/www.bosal.rs\/rs\/wp-content\/uploads\/2018\/11\/DSC04689.jpg<\/span>\n\t\t\t\t\t\t<span itemprop='height'>800<\/span>\n\t\t\t\t\t\t<span itemprop='width'>1200<\/span>\n\t\t\t\t<\/span>\n\t\t\t\t<span class='av-structured-data'  itemprop=\"publisher\" itemtype=\"https:\/\/schema.org\/Organization\" itemscope=\"itemscope\" >\n\t\t\t\t\t\t<span itemprop='name'>bosalrs<\/span>\n\t\t\t\t\t\t<span itemprop='logo' itemscope itemtype='https:\/\/schema.org\/ImageObject'>\n\t\t\t\t\t\t\t<span itemprop='url'>https:\/\/www.bosal.rs\/rs\/wp-content\/uploads\/2017\/08\/logo-bosal-final-2017.png<\/span>\n\t\t\t\t\t\t <\/span>\n\t\t\t\t<\/span><span class='av-structured-data'  itemprop=\"author\" itemscope=\"itemscope\" itemtype=\"https:\/\/schema.org\/Person\" ><span itemprop='name'>bosalrs<\/span><\/span><span class='av-structured-data'  itemprop=\"datePublished\" datetime=\"2017-07-04T07:22:34+01:00\" >2018-11-29 02:34:13<\/span><span class='av-structured-data'  itemprop=\"dateModified\" itemtype=\"https:\/\/schema.org\/dateModified\" >2018-11-29 02:38:12<\/span><span class='av-structured-data'  itemprop=\"mainEntityOfPage\" itemtype=\"https:\/\/schema.org\/mainEntityOfPage\" ><span itemprop='name'>Hotelska i sobna vrata za Apartmane Konaci Koznik na Kopaoniku<\/span><\/span><\/span><\/article><article class='slide-entry flex_column  post-entry post-entry-1645 slide-entry-overview slide-loop-50 slide-parity-even  av_one_half  real-thumbnail post-format-standard'  itemscope=\"itemscope\" itemtype=\"https:\/\/schema.org\/BlogPosting\" itemprop=\"blogPost\" ><a href='https:\/\/www.bosal.rs\/rs\/sigurnosna-vrata-za-urbane-vile-na-senjaku\/' data-rel='slide-1' class='slide-image' title='Sigurnosna vrata za Urbane vile na Senjaku'><img width=\"495\" height=\"400\" src=\"https:\/\/www.bosal.rs\/rs\/wp-content\/uploads\/2017\/07\/sigurnosna-vrata-senjak-fb-thumb-495x400.jpg\" class=\"wp-image-1648 avia-img-lazy-loading-not-1648 attachment-portfolio size-portfolio wp-post-image\" alt=\"\" \/><\/a><div class=\"slide-content\"><header class=\"entry-content-header\"><h3 class='slide-entry-title entry-title '  itemprop=\"headline\" ><a href='https:\/\/www.bosal.rs\/rs\/sigurnosna-vrata-za-urbane-vile-na-senjaku\/' title='Sigurnosna vrata za Urbane vile na Senjaku'>Sigurnosna vrata za Urbane vile na Senjaku<\/a><\/h3><span class=\"blog-categories minor-meta\"><a href=\"https:\/\/www.bosal.rs\/rs\/category\/lux-model\/\" rel=\"tag\">LUX model<\/a>, <a href=\"https:\/\/www.bosal.rs\/rs\/category\/sigurnosna-vrata\/\" rel=\"tag\">Sigurnosna vrata<\/a> <\/span><span class=\"av-vertical-delimiter\"><\/span><\/header><\/div><footer class=\"entry-footer\"><div class=\"slide-meta\"><div class=\"slide-meta-comments\"><a href='https:\/\/www.bosal.rs\/rs\/sigurnosna-vrata-west-65-tower\/#respond'>0 Comments<\/a><\/div><div class=\"slide-meta-del\">\/<\/div><time class='slide-meta-time updated'  itemprop=\"datePublished\" datetime=\"2022-08-30T13:36:00+01:00\" >30 avgusta, 2022<\/time><\/div><\/footer><span class='hidden'>\n\t\t\t\t<span class='av-structured-data'  itemprop=\"image\" itemscope=\"itemscope\" itemtype=\"https:\/\/schema.org\/ImageObject\" >\n\t\t\t\t\t\t<span itemprop='url'>https:\/\/www.bosal.rs\/rs\/wp-content\/uploads\/2017\/07\/sigurnosna-vrata-senjak-fb-thumb.jpg<\/span>\n\t\t\t\t\t\t<span itemprop='height'>628<\/span>\n\t\t\t\t\t\t<span itemprop='width'>1200<\/span>\n\t\t\t\t<\/span>\n\t\t\t\t<span class='av-structured-data'  itemprop=\"publisher\" itemtype=\"https:\/\/schema.org\/Organization\" itemscope=\"itemscope\" >\n\t\t\t\t\t\t<span itemprop='name'>bosalrs<\/span>\n\t\t\t\t\t\t<span itemprop='logo' itemscope itemtype='https:\/\/schema.org\/ImageObject'>\n\t\t\t\t\t\t\t<span itemprop='url'>https:\/\/www.bosal.rs\/rs\/wp-content\/uploads\/2017\/08\/logo-bosal-final-2017.png<\/span>\n\t\t\t\t\t\t <\/span>\n\t\t\t\t<\/span><span class='av-structured-data'  itemprop=\"author\" itemscope=\"itemscope\" itemtype=\"https:\/\/schema.org\/Person\" ><span itemprop='name'>bosalrs<\/span><\/span><span class='av-structured-data'  itemprop=\"datePublished\" datetime=\"2017-07-04T07:22:34+01:00\" >2017-07-04 08:25:14<\/span><span class='av-structured-data'  itemprop=\"dateModified\" itemtype=\"https:\/\/schema.org\/dateModified\" >2017-07-04 08:25:14<\/span><span class='av-structured-data'  itemprop=\"mainEntityOfPage\" itemtype=\"https:\/\/schema.org\/mainEntityOfPage\" ><span itemprop='name'>Sigurnosna vrata za Urbane vile na Senjaku<\/span><\/span><\/span><\/article><\/div><div class=\"slide-entry-wrap\"><article class='slide-entry flex_column  post-entry post-entry-1627 slide-entry-overview slide-loop-51 slide-parity-odd  av_one_half first real-thumbnail post-format-standard'  itemscope=\"itemscope\" itemtype=\"https:\/\/schema.org\/BlogPosting\" itemprop=\"blogPost\" ><a href='https:\/\/www.bosal.rs\/rs\/sigurnosna-i-sobna-vrata-za-stan-u-centru-beograda\/' data-rel='slide-1' class='slide-image' title='Sigurnosna i sobna vrata za stan u centru Beograda'><img width=\"495\" height=\"400\" src=\"https:\/\/www.bosal.rs\/rs\/wp-content\/uploads\/2017\/07\/sigurnosna-vrata-za-stan-u-svetozara-markovica-fb-thumb-495x400.jpg\" class=\"wp-image-1629 avia-img-lazy-loading-not-1629 attachment-portfolio size-portfolio wp-post-image\" alt=\"\" \/><\/a><div class=\"slide-content\"><header class=\"entry-content-header\"><h3 class='slide-entry-title entry-title '  itemprop=\"headline\" ><a href='https:\/\/www.bosal.rs\/rs\/sigurnosna-i-sobna-vrata-za-stan-u-centru-beograda\/' title='Sigurnosna i sobna vrata za stan u centru Beograda'>Sigurnosna i sobna vrata za stan u centru Beograda<\/a><\/h3><span class=\"blog-categories minor-meta\"><a href=\"https:\/\/www.bosal.rs\/rs\/category\/sigurnosna-vrata\/\" rel=\"tag\">Sigurnosna vrata<\/a>, <a href=\"https:\/\/www.bosal.rs\/rs\/category\/sobna-vrata\/\" rel=\"tag\">Sobna vrata<\/a> <\/span><span class=\"av-vertical-delimiter\"><\/span><\/header><\/div><footer class=\"entry-footer\"><div class=\"slide-meta\"><div class=\"slide-meta-comments\"><a href='https:\/\/www.bosal.rs\/rs\/sigurnosna-vrata-west-65-tower\/#respond'>0 Comments<\/a><\/div><div class=\"slide-meta-del\">\/<\/div><time class='slide-meta-time updated'  itemprop=\"datePublished\" datetime=\"2022-08-30T13:36:00+01:00\" >30 avgusta, 2022<\/time><\/div><\/footer><span class='hidden'>\n\t\t\t\t<span class='av-structured-data'  itemprop=\"image\" itemscope=\"itemscope\" itemtype=\"https:\/\/schema.org\/ImageObject\" >\n\t\t\t\t\t\t<span itemprop='url'>https:\/\/www.bosal.rs\/rs\/wp-content\/uploads\/2017\/07\/sigurnosna-vrata-za-stan-u-svetozara-markovica-fb-thumb.jpg<\/span>\n\t\t\t\t\t\t<span itemprop='height'>628<\/span>\n\t\t\t\t\t\t<span itemprop='width'>1200<\/span>\n\t\t\t\t<\/span>\n\t\t\t\t<span class='av-structured-data'  itemprop=\"publisher\" itemtype=\"https:\/\/schema.org\/Organization\" itemscope=\"itemscope\" >\n\t\t\t\t\t\t<span itemprop='name'>bosalrs<\/span>\n\t\t\t\t\t\t<span itemprop='logo' itemscope itemtype='https:\/\/schema.org\/ImageObject'>\n\t\t\t\t\t\t\t<span itemprop='url'>https:\/\/www.bosal.rs\/rs\/wp-content\/uploads\/2017\/08\/logo-bosal-final-2017.png<\/span>\n\t\t\t\t\t\t <\/span>\n\t\t\t\t<\/span><span class='av-structured-data'  itemprop=\"author\" itemscope=\"itemscope\" itemtype=\"https:\/\/schema.org\/Person\" ><span itemprop='name'>bosalrs<\/span><\/span><span class='av-structured-data'  itemprop=\"datePublished\" datetime=\"2017-07-04T07:22:34+01:00\" >2017-07-04 08:05:01<\/span><span class='av-structured-data'  itemprop=\"dateModified\" itemtype=\"https:\/\/schema.org\/dateModified\" >2017-07-04 08:05:38<\/span><span class='av-structured-data'  itemprop=\"mainEntityOfPage\" itemtype=\"https:\/\/schema.org\/mainEntityOfPage\" ><span itemprop='name'>Sigurnosna i sobna vrata za stan u centru Beograda<\/span><\/span><\/span><\/article><article class='slide-entry flex_column  post-entry post-entry-1601 slide-entry-overview slide-loop-52 slide-parity-even  av_one_half  real-thumbnail post-format-standard'  itemscope=\"itemscope\" itemtype=\"https:\/\/schema.org\/BlogPosting\" itemprop=\"blogPost\" ><a href='https:\/\/www.bosal.rs\/rs\/sobna-vrata-i-alu-stolarija-za-kucu-u-okolini-beograda\/' data-rel='slide-1' class='slide-image' title='Sobna vrata i ALU stolarija za ku\u0107u u okolini Beograda'><img width=\"495\" height=\"400\" src=\"https:\/\/www.bosal.rs\/rs\/wp-content\/uploads\/2017\/07\/aluminijumska-stolarija-plavi-horizonti-fb-thumb-495x400.jpg\" class=\"wp-image-1605 avia-img-lazy-loading-not-1605 attachment-portfolio size-portfolio wp-post-image\" alt=\"\" \/><\/a><div class=\"slide-content\"><header class=\"entry-content-header\"><h3 class='slide-entry-title entry-title '  itemprop=\"headline\" ><a href='https:\/\/www.bosal.rs\/rs\/sobna-vrata-i-alu-stolarija-za-kucu-u-okolini-beograda\/' title='Sobna vrata i ALU stolarija za ku\u0107u u okolini Beograda'>Sobna vrata i ALU stolarija za ku\u0107u u okolini Beograda<\/a><\/h3><span class=\"blog-categories minor-meta\"><a href=\"https:\/\/www.bosal.rs\/rs\/category\/alu-stolarija\/\" rel=\"tag\">ALU stolarija<\/a>, <a href=\"https:\/\/www.bosal.rs\/rs\/category\/sobna-vrata\/\" rel=\"tag\">Sobna vrata<\/a>, <a href=\"https:\/\/www.bosal.rs\/rs\/category\/stolarija\/\" rel=\"tag\">Stolarija<\/a> <\/span><span class=\"av-vertical-delimiter\"><\/span><\/header><\/div><footer class=\"entry-footer\"><div class=\"slide-meta\"><div class=\"slide-meta-comments\"><a href='https:\/\/www.bosal.rs\/rs\/sigurnosna-vrata-west-65-tower\/#respond'>0 Comments<\/a><\/div><div class=\"slide-meta-del\">\/<\/div><time class='slide-meta-time updated'  itemprop=\"datePublished\" datetime=\"2022-08-30T13:36:00+01:00\" >30 avgusta, 2022<\/time><\/div><\/footer><span class='hidden'>\n\t\t\t\t<span class='av-structured-data'  itemprop=\"image\" itemscope=\"itemscope\" itemtype=\"https:\/\/schema.org\/ImageObject\" >\n\t\t\t\t\t\t<span itemprop='url'>https:\/\/www.bosal.rs\/rs\/wp-content\/uploads\/2017\/07\/aluminijumska-stolarija-plavi-horizonti-fb-thumb.jpg<\/span>\n\t\t\t\t\t\t<span itemprop='height'>628<\/span>\n\t\t\t\t\t\t<span itemprop='width'>1200<\/span>\n\t\t\t\t<\/span>\n\t\t\t\t<span class='av-structured-data'  itemprop=\"publisher\" itemtype=\"https:\/\/schema.org\/Organization\" itemscope=\"itemscope\" >\n\t\t\t\t\t\t<span itemprop='name'>bosalrs<\/span>\n\t\t\t\t\t\t<span itemprop='logo' itemscope itemtype='https:\/\/schema.org\/ImageObject'>\n\t\t\t\t\t\t\t<span itemprop='url'>https:\/\/www.bosal.rs\/rs\/wp-content\/uploads\/2017\/08\/logo-bosal-final-2017.png<\/span>\n\t\t\t\t\t\t <\/span>\n\t\t\t\t<\/span><span class='av-structured-data'  itemprop=\"author\" itemscope=\"itemscope\" itemtype=\"https:\/\/schema.org\/Person\" ><span itemprop='name'>bosalrs<\/span><\/span><span class='av-structured-data'  itemprop=\"datePublished\" datetime=\"2017-07-04T07:22:34+01:00\" >2017-07-04 07:22:34<\/span><span class='av-structured-data'  itemprop=\"dateModified\" itemtype=\"https:\/\/schema.org\/dateModified\" >2017-07-04 07:22:34<\/span><span class='av-structured-data'  itemprop=\"mainEntityOfPage\" itemtype=\"https:\/\/schema.org\/mainEntityOfPage\" ><span itemprop='name'>Sobna vrata i ALU stolarija za ku\u0107u u okolini Beograda<\/span><\/span><\/span><\/article><\/div><div class=\"slide-entry-wrap\"><article class='slide-entry flex_column  post-entry post-entry-1063 slide-entry-overview slide-loop-53 slide-parity-odd  av_one_half first real-thumbnail post-format-standard'  itemscope=\"itemscope\" itemtype=\"https:\/\/schema.org\/BlogPosting\" itemprop=\"blogPost\" ><a href='https:\/\/www.bosal.rs\/rs\/sigurnosna-sobna-vrata-i-pvc-stolarija-za-stan-na-novom-beogradu\/' data-rel='slide-1' class='slide-image' title='Sigurnosna vrata i PVC stolarija za stan Novom Beogradu'><img width=\"495\" height=\"400\" src=\"https:\/\/www.bosal.rs\/rs\/wp-content\/uploads\/2017\/03\/sigurnosna-i-sobna-vrata-novi-beograd-thumb-495x400.jpg\" class=\"wp-image-1619 avia-img-lazy-loading-not-1619 attachment-portfolio size-portfolio wp-post-image\" alt=\"\" \/><\/a><div class=\"slide-content\"><header class=\"entry-content-header\"><h3 class='slide-entry-title entry-title '  itemprop=\"headline\" ><a href='https:\/\/www.bosal.rs\/rs\/sigurnosna-sobna-vrata-i-pvc-stolarija-za-stan-na-novom-beogradu\/' title='Sigurnosna vrata i PVC stolarija za stan Novom Beogradu'>Sigurnosna vrata i PVC stolarija za stan Novom Beogradu<\/a><\/h3><span class=\"blog-categories minor-meta\"><a href=\"https:\/\/www.bosal.rs\/rs\/category\/lux-model\/\" rel=\"tag\">LUX model<\/a>, <a href=\"https:\/\/www.bosal.rs\/rs\/category\/pvc-stolarija\/\" rel=\"tag\">PVC stolarija<\/a>, <a href=\"https:\/\/www.bosal.rs\/rs\/category\/sigurnosna-vrata\/\" rel=\"tag\">Sigurnosna vrata<\/a>, <a href=\"https:\/\/www.bosal.rs\/rs\/category\/sobna-vrata\/\" rel=\"tag\">Sobna vrata<\/a>, <a href=\"https:\/\/www.bosal.rs\/rs\/category\/stolarija\/\" rel=\"tag\">Stolarija<\/a> <\/span><span class=\"av-vertical-delimiter\"><\/span><\/header><\/div><footer class=\"entry-footer\"><div class=\"slide-meta\"><div class=\"slide-meta-comments\"><a href='https:\/\/www.bosal.rs\/rs\/sigurnosna-vrata-west-65-tower\/#respond'>0 Comments<\/a><\/div><div class=\"slide-meta-del\">\/<\/div><time class='slide-meta-time updated'  itemprop=\"datePublished\" datetime=\"2022-08-30T13:36:00+01:00\" >30 avgusta, 2022<\/time><\/div><\/footer><span class='hidden'>\n\t\t\t\t<span class='av-structured-data'  itemprop=\"image\" itemscope=\"itemscope\" itemtype=\"https:\/\/schema.org\/ImageObject\" >\n\t\t\t\t\t\t<span itemprop='url'>https:\/\/www.bosal.rs\/rs\/wp-content\/uploads\/2017\/03\/sigurnosna-i-sobna-vrata-novi-beograd-thumb.jpg<\/span>\n\t\t\t\t\t\t<span itemprop='height'>628<\/span>\n\t\t\t\t\t\t<span itemprop='width'>1200<\/span>\n\t\t\t\t<\/span>\n\t\t\t\t<span class='av-structured-data'  itemprop=\"publisher\" itemtype=\"https:\/\/schema.org\/Organization\" itemscope=\"itemscope\" >\n\t\t\t\t\t\t<span itemprop='name'>bosalrs<\/span>\n\t\t\t\t\t\t<span itemprop='logo' itemscope itemtype='https:\/\/schema.org\/ImageObject'>\n\t\t\t\t\t\t\t<span itemprop='url'>https:\/\/www.bosal.rs\/rs\/wp-content\/uploads\/2017\/08\/logo-bosal-final-2017.png<\/span>\n\t\t\t\t\t\t <\/span>\n\t\t\t\t<\/span><span class='av-structured-data'  itemprop=\"author\" itemscope=\"itemscope\" itemtype=\"https:\/\/schema.org\/Person\" ><span itemprop='name'>bosalrs<\/span><\/span><span class='av-structured-data'  itemprop=\"datePublished\" datetime=\"2017-07-04T07:22:34+01:00\" >2017-06-22 12:08:36<\/span><span class='av-structured-data'  itemprop=\"dateModified\" itemtype=\"https:\/\/schema.org\/dateModified\" >2017-07-04 07:46:24<\/span><span class='av-structured-data'  itemprop=\"mainEntityOfPage\" itemtype=\"https:\/\/schema.org\/mainEntityOfPage\" ><span itemprop='name'>Sigurnosna vrata i PVC stolarija za stan Novom Beogradu<\/span><\/span><\/span><\/article><article class='slide-entry flex_column  post-entry post-entry-1060 slide-entry-overview slide-loop-54 slide-parity-even  av_one_half  real-thumbnail post-format-standard'  itemscope=\"itemscope\" itemtype=\"https:\/\/schema.org\/BlogPosting\" itemprop=\"blogPost\" ><a href='https:\/\/www.bosal.rs\/rs\/sigurnosna-sobna-i-kupatilska-vrata-za-salonski-stan-u-resavskoj\/' data-rel='slide-1' class='slide-image' title='Sigurnosna i sobna vrata za stan u Resavskoj'><img width=\"495\" height=\"400\" src=\"https:\/\/www.bosal.rs\/rs\/wp-content\/uploads\/2017\/03\/klizna-sobna-vrata-resavska-fb-thumb-495x400.jpg\" class=\"wp-image-1589 avia-img-lazy-loading-not-1589 attachment-portfolio size-portfolio wp-post-image\" alt=\"\" \/><\/a><div class=\"slide-content\"><header class=\"entry-content-header\"><h3 class='slide-entry-title entry-title '  itemprop=\"headline\" ><a href='https:\/\/www.bosal.rs\/rs\/sigurnosna-sobna-i-kupatilska-vrata-za-salonski-stan-u-resavskoj\/' title='Sigurnosna i sobna vrata za stan u Resavskoj'>Sigurnosna i sobna vrata za stan u Resavskoj<\/a><\/h3><span class=\"blog-categories minor-meta\"><a href=\"https:\/\/www.bosal.rs\/rs\/category\/lux-model\/\" rel=\"tag\">LUX model<\/a>, <a href=\"https:\/\/www.bosal.rs\/rs\/category\/sigurnosna-vrata\/\" rel=\"tag\">Sigurnosna vrata<\/a>, <a href=\"https:\/\/www.bosal.rs\/rs\/category\/sobna-vrata\/\" rel=\"tag\">Sobna vrata<\/a> <\/span><span class=\"av-vertical-delimiter\"><\/span><\/header><div class='slide-entry-excerpt entry-content'  itemprop=\"text\" >\r\n\r\n<\/div><\/div><footer class=\"entry-footer\"><div class=\"slide-meta\"><div class=\"slide-meta-comments\"><a href='https:\/\/www.bosal.rs\/rs\/sigurnosna-sobna-i-kupatilska-vrata-za-salonski-stan-u-resavskoj\/#respond'>0 Comments<\/a><\/div><div class=\"slide-meta-del\">\/<\/div><time class='slide-meta-time updated'  itemprop=\"datePublished\" datetime=\"2017-05-14T18:25:43+01:00\" >14 maja, 2017<\/time><\/div><\/footer><span class='hidden'>\n\t\t\t\t<span class='av-structured-data'  itemprop=\"image\" itemscope=\"itemscope\" itemtype=\"https:\/\/schema.org\/ImageObject\" >\n\t\t\t\t\t\t<span itemprop='url'>https:\/\/www.bosal.rs\/rs\/wp-content\/uploads\/2017\/03\/klizna-sobna-vrata-resavska-fb-thumb.jpg<\/span>\n\t\t\t\t\t\t<span itemprop='height'>628<\/span>\n\t\t\t\t\t\t<span itemprop='width'>1200<\/span>\n\t\t\t\t<\/span>\n\t\t\t\t<span class='av-structured-data'  itemprop=\"publisher\" itemtype=\"https:\/\/schema.org\/Organization\" itemscope=\"itemscope\" >\n\t\t\t\t\t\t<span itemprop='name'>bosalrs<\/span>\n\t\t\t\t\t\t<span itemprop='logo' itemscope itemtype='https:\/\/schema.org\/ImageObject'>\n\t\t\t\t\t\t\t<span itemprop='url'>https:\/\/www.bosal.rs\/rs\/wp-content\/uploads\/2017\/08\/logo-bosal-final-2017.png<\/span>\n\t\t\t\t\t\t <\/span>\n\t\t\t\t<\/span><span class='av-structured-data'  itemprop=\"author\" itemscope=\"itemscope\" itemtype=\"https:\/\/schema.org\/Person\" ><span itemprop='name'>bosalrs<\/span><\/span><span class='av-structured-data'  itemprop=\"datePublished\" datetime=\"2017-07-04T07:22:34+01:00\" >2017-05-14 18:25:43<\/span><span class='av-structured-data'  itemprop=\"dateModified\" itemtype=\"https:\/\/schema.org\/dateModified\" >2017-07-04 07:47:37<\/span><span class='av-structured-data'  itemprop=\"mainEntityOfPage\" itemtype=\"https:\/\/schema.org\/mainEntityOfPage\" ><span itemprop='name'>Sigurnosna i sobna vrata za stan u Resavskoj<\/span><\/span><\/span><\/article><\/div><div class=\"slide-entry-wrap\"><article class='slide-entry flex_column  post-entry post-entry-1026 slide-entry-overview slide-loop-55 slide-parity-odd  post-entry-last  av_one_half first real-thumbnail post-format-standard'  itemscope=\"itemscope\" itemtype=\"https:\/\/schema.org\/BlogPosting\" itemprop=\"blogPost\" ><a href='https:\/\/www.bosal.rs\/rs\/sigurnosna-i-sobna-vrata-za-ceo-stan-u-zemunu\/' data-rel='slide-1' class='slide-image' title='Sigurnosna i sobna vrata za ceo stan u Zemunu'><img width=\"495\" height=\"400\" src=\"https:\/\/www.bosal.rs\/rs\/wp-content\/uploads\/2017\/03\/sobna-vrata-dnevna-stan-u-zemunu-1-495x400.jpg\" class=\"wp-image-1028 avia-img-lazy-loading-not-1028 attachment-portfolio size-portfolio wp-post-image\" alt=\"\" \/><\/a><div class=\"slide-content\"><header class=\"entry-content-header\"><h3 class='slide-entry-title entry-title '  itemprop=\"headline\" ><a href='https:\/\/www.bosal.rs\/rs\/sigurnosna-i-sobna-vrata-za-ceo-stan-u-zemunu\/' title='Sigurnosna i sobna vrata za ceo stan u Zemunu'>Sigurnosna i sobna vrata za ceo stan u Zemunu<\/a><\/h3><span class=\"blog-categories minor-meta\"><a href=\"https:\/\/www.bosal.rs\/rs\/category\/lux-model\/\" rel=\"tag\">LUX model<\/a>, <a href=\"https:\/\/www.bosal.rs\/rs\/category\/sigurnosna-vrata\/\" rel=\"tag\">Sigurnosna vrata<\/a>, <a href=\"https:\/\/www.bosal.rs\/rs\/category\/skrivena-vrata\/\" rel=\"tag\">Skrivena vrata<\/a>, <a href=\"https:\/\/www.bosal.rs\/rs\/category\/sobna-vrata\/\" rel=\"tag\">Sobna vrata<\/a> <\/span><span class=\"av-vertical-delimiter\"><\/span><\/header><div class='slide-entry-excerpt entry-content'  itemprop=\"text\" >\r\n\r\n<\/div><\/div><footer class=\"entry-footer\"><div class=\"slide-meta\"><div class=\"slide-meta-comments\"><a href='https:\/\/www.bosal.rs\/rs\/sigurnosna-i-sobna-vrata-za-ceo-stan-u-zemunu\/#respond'>0 Comments<\/a><\/div><div class=\"slide-meta-del\">\/<\/div><time class='slide-meta-time updated'  itemprop=\"datePublished\" datetime=\"2017-04-07T10:10:50+01:00\" >7 aprila, 2017<\/time><\/div><\/footer><span class='hidden'>\n\t\t\t\t<span class='av-structured-data'  itemprop=\"image\" itemscope=\"itemscope\" itemtype=\"https:\/\/schema.org\/ImageObject\" >\n\t\t\t\t\t\t<span itemprop='url'>https:\/\/www.bosal.rs\/rs\/wp-content\/uploads\/2017\/03\/sobna-vrata-dnevna-stan-u-zemunu-1.jpg<\/span>\n\t\t\t\t\t\t<span itemprop='height'>619<\/span>\n\t\t\t\t\t\t<span itemprop='width'>900<\/span>\n\t\t\t\t<\/span>\n\t\t\t\t<span class='av-structured-data'  itemprop=\"publisher\" itemtype=\"https:\/\/schema.org\/Organization\" itemscope=\"itemscope\" >\n\t\t\t\t\t\t<span itemprop='name'>bosalrs<\/span>\n\t\t\t\t\t\t<span itemprop='logo' itemscope itemtype='https:\/\/schema.org\/ImageObject'>\n\t\t\t\t\t\t\t<span itemprop='url'>https:\/\/www.bosal.rs\/rs\/wp-content\/uploads\/2017\/08\/logo-bosal-final-2017.png<\/span>\n\t\t\t\t\t\t <\/span>\n\t\t\t\t<\/span><span class='av-structured-data'  itemprop=\"author\" itemscope=\"itemscope\" itemtype=\"https:\/\/schema.org\/Person\" ><span itemprop='name'>bosalrs<\/span><\/span><span class='av-structured-data'  itemprop=\"datePublished\" datetime=\"2017-07-04T07:22:34+01:00\" >2017-04-07 10:10:50<\/span><span class='av-structured-data'  itemprop=\"dateModified\" itemtype=\"https:\/\/schema.org\/dateModified\" >2017-07-04 07:48:17<\/span><span class='av-structured-data'  itemprop=\"mainEntityOfPage\" itemtype=\"https:\/\/schema.org\/mainEntityOfPage\" ><span itemprop='name'>Sigurnosna i sobna vrata za ceo stan u Zemunu<\/span><\/span><\/span><\/article><\/div><\/div><\/div><\/p><\/div>\n<style type=\"text\/css\" data-created_by=\"avia_inline_auto\" id=\"style-css-av-av_one_third-0aa7055fe62c3622faec82866afbaeb2\">\n.flex_column.av-av_one_third-0aa7055fe62c3622faec82866afbaeb2{\n-webkit-border-radius:0px 0px 0px 0px;\n-moz-border-radius:0px 0px 0px 0px;\nborder-radius:0px 0px 0px 0px;\npadding:0px 0px 0px 0px;\n}\n<\/style>\n<div class='flex_column av-av_one_third-0aa7055fe62c3622faec82866afbaeb2 av_one_third  avia-builder-el-34  el_after_av_two_third  avia-builder-el-last  flex_column_div av-zero-column-padding '     ><\/div>\n","protected":false},"excerpt":{"rendered":"","protected":false},"author":1,"featured_media":1605,"comment_status":"open","ping_status":"open","sticky":false,"template":"","format":"standard","meta":[],"categories":[13,9,12],"tags":[],"_links":{"self":[{"href":"https:\/\/www.bosal.rs\/rs\/wp-json\/wp\/v2\/posts\/1601"}],"collection":[{"href":"https:\/\/www.bosal.rs\/rs\/wp-json\/wp\/v2\/posts"}],"about":[{"href":"https:\/\/www.bosal.rs\/rs\/wp-json\/wp\/v2\/types\/post"}],"author":[{"embeddable":true,"href":"https:\/\/www.bosal.rs\/rs\/wp-json\/wp\/v2\/users\/1"}],"replies":[{"embeddable":true,"href":"https:\/\/www.bosal.rs\/rs\/wp-json\/wp\/v2\/comments?post=1601"}],"version-history":[{"count":4,"href":"https:\/\/www.bosal.rs\/rs\/wp-json\/wp\/v2\/posts\/1601\/revisions"}],"predecessor-version":[{"id":1617,"href":"https:\/\/www.bosal.rs\/rs\/wp-json\/wp\/v2\/posts\/1601\/revisions\/1617"}],"wp:featuredmedia":[{"embeddable":true,"href":"https:\/\/www.bosal.rs\/rs\/wp-json\/wp\/v2\/media\/1605"}],"wp:attachment":[{"href":"https:\/\/www.bosal.rs\/rs\/wp-json\/wp\/v2\/media?parent=1601"}],"wp:term":[{"taxonomy":"category","embeddable":true,"href":"https:\/\/www.bosal.rs\/rs\/wp-json\/wp\/v2\/categories?post=1601"},{"taxonomy":"post_tag","embeddable":true,"href":"https:\/\/www.bosal.rs\/rs\/wp-json\/wp\/v2\/tags?post=1601"}],"curies":[{"name":"wp","href":"https:\/\/api.w.org\/{rel}","templated":true}]}}